{"id":4612,"date":"2026-01-26T12:22:38","date_gmt":"2026-01-26T15:22:38","guid":{"rendered":"https:\/\/geoparquepillanmapu.com\/?p=4612"},"modified":"2026-01-26T12:46:53","modified_gmt":"2026-01-26T15:46:53","slug":"barbara-meneses-conocer-la-cordillera-para-aprender-a-cuidarla","status":"publish","type":"post","link":"https:\/\/geoparquepillanmapu.com\/en\/barbara-meneses-conocer-la-cordillera-para-aprender-a-cuidarla\/","title":{"rendered":"Barbara Meneses \u2013 Getting to Know the Mountain Range to Learn How to Care for It"},"content":{"rendered":"\t\t<div data-elementor-type=\"wp-post\" data-elementor-id=\"4612\" class=\"elementor elementor-4612\" data-elementor-post-type=\"post\">\n\t\t\t\t\t\t<section class=\"elementor-section elementor-top-section elementor-element elementor-element-4d7858f elementor-section-full_width elementor-section-height-min-height elementor-section-items-bottom elementor-section-content-bottom elementor-section-height-default\" data-id=\"4d7858f\" data-element_type=\"section\" data-e-type=\"section\" data-settings=\"{&quot;background_background&quot;:&quot;slideshow&quot;,&quot;background_slideshow_gallery&quot;:[{&quot;id&quot;:3141,&quot;url&quot;:&quot;https:\\\/\\\/geoparquepillanmapu.com\\\/wp-content\\\/uploads\\\/2025\\\/11\\\/Peumayen-Tenglo.jpg&quot;}],&quot;background_slideshow_loop&quot;:&quot;yes&quot;,&quot;background_slideshow_slide_duration&quot;:5000,&quot;background_slideshow_slide_transition&quot;:&quot;fade&quot;,&quot;background_slideshow_transition_duration&quot;:500}\">\n\t\t\t\t\t\t\t<div class=\"elementor-background-overlay\"><\/div>\n\t\t\t\t\t\t\t<div class=\"elementor-container elementor-column-gap-default\">\n\t\t\t\t\t<div class=\"elementor-column elementor-col-100 elementor-top-column elementor-element elementor-element-aef5bcc\" data-id=\"aef5bcc\" data-element_type=\"column\" data-e-type=\"column\" data-settings=\"{&quot;background_background&quot;:&quot;slideshow&quot;,&quot;background_slideshow_gallery&quot;:[],&quot;background_slideshow_loop&quot;:&quot;yes&quot;,&quot;background_slideshow_slide_duration&quot;:5000,&quot;background_slideshow_slide_transition&quot;:&quot;fade&quot;,&quot;background_slideshow_transition_duration&quot;:500}\">\n\t\t\t<div class=\"elementor-widget-wrap elementor-element-populated\">\n\t\t\t\t\t\t<div class=\"elementor-element elementor-element-05d7554 elementor-widget elementor-widget-heading\" data-id=\"05d7554\" data-element_type=\"widget\" data-e-type=\"widget\" data-widget_type=\"heading.default\">\n\t\t\t\t<div class=\"elementor-widget-container\">\n\t\t\t\t\t<h2 class=\"elementor-heading-title elementor-size-default\">B\u00e1rbara Meneses<\/h2>\t\t\t\t<\/div>\n\t\t\t\t<\/div>\n\t\t\t\t<div class=\"elementor-element elementor-element-d6d533b elementor-widget elementor-widget-text-editor\" data-id=\"d6d533b\" data-element_type=\"widget\" data-e-type=\"widget\" data-widget_type=\"text-editor.default\">\n\t\t\t\t<div class=\"elementor-widget-container\">\n\t\t\t\t\t\t\t\t\t<p>Conocer la Cordillera para Aprender a Cuidarla<\/p>\t\t\t\t\t\t\t\t<\/div>\n\t\t\t\t<\/div>\n\t\t\t\t\t<\/div>\n\t\t<\/div>\n\t\t\t\t\t<\/div>\n\t\t<\/section>\n\t\t\t\t<section class=\"elementor-section elementor-top-section elementor-element elementor-element-fb1cd53 elementor-section-boxed elementor-section-height-default elementor-section-height-default\" data-id=\"fb1cd53\" data-element_type=\"section\" data-e-type=\"section\">\n\t\t\t\t\t\t<div class=\"elementor-container elementor-column-gap-default\">\n\t\t\t\t\t<div class=\"elementor-column elementor-col-100 elementor-top-column elementor-element elementor-element-9061ae5\" data-id=\"9061ae5\" data-element_type=\"column\" data-e-type=\"column\">\n\t\t\t<div class=\"elementor-widget-wrap elementor-element-populated\">\n\t\t\t\t\t\t<div class=\"elementor-element elementor-element-705843c elementor-widget elementor-widget-spacer\" data-id=\"705843c\" data-element_type=\"widget\" data-e-type=\"widget\" data-widget_type=\"spacer.default\">\n\t\t\t\t<div class=\"elementor-widget-container\">\n\t\t\t\t\t\t\t<div class=\"elementor-spacer\">\n\t\t\t<div class=\"elementor-spacer-inner\"><\/div>\n\t\t<\/div>\n\t\t\t\t\t\t<\/div>\n\t\t\t\t<\/div>\n\t\t\t\t\t<\/div>\n\t\t<\/div>\n\t\t\t\t\t<\/div>\n\t\t<\/section>\n\t\t\t\t<section class=\"elementor-section elementor-top-section elementor-element elementor-element-1758bde elementor-section-boxed elementor-section-height-default elementor-section-height-default\" data-id=\"1758bde\" data-element_type=\"section\" data-e-type=\"section\">\n\t\t\t\t\t\t<div class=\"elementor-container elementor-column-gap-default\">\n\t\t\t\t\t<div class=\"elementor-column elementor-col-16 elementor-top-column elementor-element elementor-element-10e8c60\" data-id=\"10e8c60\" data-element_type=\"column\" data-e-type=\"column\">\n\t\t\t<div class=\"elementor-widget-wrap elementor-element-populated\">\n\t\t\t\t\t\t<div class=\"elementor-element elementor-element-875a591 elementor-widget elementor-widget-text-editor\" data-id=\"875a591\" data-element_type=\"widget\" data-e-type=\"widget\" data-widget_type=\"text-editor.default\">\n\t\t\t\t<div class=\"elementor-widget-container\">\n\t\t\t\t\t\t\t\t\t<p>Turismo<\/p>\t\t\t\t\t\t\t\t<\/div>\n\t\t\t\t<\/div>\n\t\t\t\t\t<\/div>\n\t\t<\/div>\n\t\t\t\t<div class=\"elementor-column elementor-col-16 elementor-top-column elementor-element elementor-element-2840185\" data-id=\"2840185\" data-element_type=\"column\" data-e-type=\"column\">\n\t\t\t<div class=\"elementor-widget-wrap elementor-element-populated\">\n\t\t\t\t\t\t<div class=\"elementor-element elementor-element-433e028 elementor-widget elementor-widget-text-editor\" data-id=\"433e028\" data-element_type=\"widget\" data-e-type=\"widget\" data-widget_type=\"text-editor.default\">\n\t\t\t\t<div class=\"elementor-widget-container\">\n\t\t\t\t\t\t\t\t\t<p>Patrimonio<\/p>\t\t\t\t\t\t\t\t<\/div>\n\t\t\t\t<\/div>\n\t\t\t\t\t<\/div>\n\t\t<\/div>\n\t\t\t\t<div class=\"elementor-column elementor-col-16 elementor-top-column elementor-element elementor-element-486a0ae\" data-id=\"486a0ae\" data-element_type=\"column\" data-e-type=\"column\">\n\t\t\t<div class=\"elementor-widget-wrap elementor-element-populated\">\n\t\t\t\t\t\t<div class=\"elementor-element elementor-element-280fd5e elementor-widget elementor-widget-text-editor\" data-id=\"280fd5e\" data-element_type=\"widget\" data-e-type=\"widget\" data-widget_type=\"text-editor.default\">\n\t\t\t\t<div class=\"elementor-widget-container\">\n\t\t\t\t\t\t\t\t\t<p>Flora<\/p>\t\t\t\t\t\t\t\t<\/div>\n\t\t\t\t<\/div>\n\t\t\t\t\t<\/div>\n\t\t<\/div>\n\t\t\t\t<div class=\"elementor-column elementor-col-16 elementor-top-column elementor-element elementor-element-fb7f653\" data-id=\"fb7f653\" data-element_type=\"column\" data-e-type=\"column\">\n\t\t\t<div class=\"elementor-widget-wrap\">\n\t\t\t\t\t\t\t<\/div>\n\t\t<\/div>\n\t\t\t\t<div class=\"elementor-column elementor-col-16 elementor-top-column elementor-element elementor-element-0aa28d7\" data-id=\"0aa28d7\" data-element_type=\"column\" data-e-type=\"column\">\n\t\t\t<div class=\"elementor-widget-wrap\">\n\t\t\t\t\t\t\t<\/div>\n\t\t<\/div>\n\t\t\t\t<div class=\"elementor-column elementor-col-16 elementor-top-column elementor-element elementor-element-097857f\" data-id=\"097857f\" data-element_type=\"column\" data-e-type=\"column\">\n\t\t\t<div class=\"elementor-widget-wrap\">\n\t\t\t\t\t\t\t<\/div>\n\t\t<\/div>\n\t\t\t\t\t<\/div>\n\t\t<\/section>\n\t\t\t\t<section class=\"elementor-section elementor-top-section elementor-element elementor-element-c90b06a elementor-section-boxed elementor-section-height-default elementor-section-height-default\" data-id=\"c90b06a\" data-element_type=\"section\" data-e-type=\"section\">\n\t\t\t\t\t\t<div class=\"elementor-container elementor-column-gap-default\">\n\t\t\t\t\t<div class=\"elementor-column elementor-col-50 elementor-top-column elementor-element elementor-element-2690b25\" data-id=\"2690b25\" data-element_type=\"column\" data-e-type=\"column\">\n\t\t\t<div class=\"elementor-widget-wrap elementor-element-populated\">\n\t\t\t\t\t\t<div class=\"elementor-element elementor-element-9ee13ce elementor-widget elementor-widget-heading\" data-id=\"9ee13ce\" data-element_type=\"widget\" data-e-type=\"widget\" data-widget_type=\"heading.default\">\n\t\t\t\t<div class=\"elementor-widget-container\">\n\t\t\t\t\t<h2 class=\"elementor-heading-title elementor-size-default\">por B\u00e1rbara Meneses<\/h2>\t\t\t\t<\/div>\n\t\t\t\t<\/div>\n\t\t\t\t<div class=\"elementor-element elementor-element-eee5a6a elementor-widget elementor-widget-text-editor\" data-id=\"eee5a6a\" data-element_type=\"widget\" data-e-type=\"widget\" data-widget_type=\"text-editor.default\">\n\t\t\t\t<div class=\"elementor-widget-container\">\n\t\t\t\t\t\t\t\t\t<p>B\u00e1rbara Meneses es gu\u00eda de turismo de naturaleza, dise\u00f1adora y paisajista, nacida y criada en San Clemente. Con m\u00e1s de 15 a\u00f1os recorriendo la cordillera maulina, se ha especializado en flora nativa y en transmitir, desde la experiencia y la emoci\u00f3n, el valor y la necesidad de proteger este territorio.\u00a0<\/p>\t\t\t\t\t\t\t\t<\/div>\n\t\t\t\t<\/div>\n\t\t\t\t<div class=\"elementor-element elementor-element-0f6e40f elementor-widget elementor-widget-text-editor\" data-id=\"0f6e40f\" data-element_type=\"widget\" data-e-type=\"widget\" data-widget_type=\"text-editor.default\">\n\t\t\t\t<div class=\"elementor-widget-container\">\n\t\t\t\t\t\t\t\t\t<p>13 de enero, 2025<\/p>\t\t\t\t\t\t\t\t<\/div>\n\t\t\t\t<\/div>\n\t\t\t\t\t<\/div>\n\t\t<\/div>\n\t\t\t\t<div class=\"elementor-column elementor-col-50 elementor-top-column elementor-element elementor-element-5f52ed7\" data-id=\"5f52ed7\" data-element_type=\"column\" data-e-type=\"column\">\n\t\t\t<div class=\"elementor-widget-wrap elementor-element-populated\">\n\t\t\t\t\t\t<div class=\"elementor-element elementor-element-969387c elementor-widget elementor-widget-image\" data-id=\"969387c\" data-element_type=\"widget\" data-e-type=\"widget\" data-widget_type=\"image.default\">\n\t\t\t\t<div class=\"elementor-widget-container\">\n\t\t\t\t\t\t\t\t\t\t\t\t\t\t\t<img fetchpriority=\"high\" decoding=\"async\" width=\"800\" height=\"800\" src=\"https:\/\/geoparquepillanmapu.com\/wp-content\/uploads\/2026\/01\/WhatsApp-Image-2026-01-13-at-11.32.29-AM.jpeg\" class=\"attachment-large size-large wp-image-4627\" alt=\"\" srcset=\"https:\/\/geoparquepillanmapu.com\/wp-content\/uploads\/2026\/01\/WhatsApp-Image-2026-01-13-at-11.32.29-AM.jpeg 960w, https:\/\/geoparquepillanmapu.com\/wp-content\/uploads\/2026\/01\/WhatsApp-Image-2026-01-13-at-11.32.29-AM-300x300.jpeg 300w, https:\/\/geoparquepillanmapu.com\/wp-content\/uploads\/2026\/01\/WhatsApp-Image-2026-01-13-at-11.32.29-AM-150x150.jpeg 150w, https:\/\/geoparquepillanmapu.com\/wp-content\/uploads\/2026\/01\/WhatsApp-Image-2026-01-13-at-11.32.29-AM-768x768.jpeg 768w, https:\/\/geoparquepillanmapu.com\/wp-content\/uploads\/2026\/01\/WhatsApp-Image-2026-01-13-at-11.32.29-AM-12x12.jpeg 12w, https:\/\/geoparquepillanmapu.com\/wp-content\/uploads\/2026\/01\/WhatsApp-Image-2026-01-13-at-11.32.29-AM-600x600.jpeg 600w, https:\/\/geoparquepillanmapu.com\/wp-content\/uploads\/2026\/01\/WhatsApp-Image-2026-01-13-at-11.32.29-AM-100x100.jpeg 100w\" sizes=\"(max-width: 800px) 100vw, 800px\" \/>\t\t\t\t\t\t\t\t\t\t\t\t\t\t\t<\/div>\n\t\t\t\t<\/div>\n\t\t\t\t\t<\/div>\n\t\t<\/div>\n\t\t\t\t\t<\/div>\n\t\t<\/section>\n\t\t\t\t<section class=\"elementor-section elementor-top-section elementor-element elementor-element-509f8c4 elementor-section-boxed elementor-section-height-default elementor-section-height-default\" data-id=\"509f8c4\" data-element_type=\"section\" data-e-type=\"section\">\n\t\t\t\t\t\t<div class=\"elementor-container elementor-column-gap-default\">\n\t\t\t\t\t<div class=\"elementor-column elementor-col-100 elementor-top-column elementor-element elementor-element-66ed8b2\" data-id=\"66ed8b2\" data-element_type=\"column\" data-e-type=\"column\">\n\t\t\t<div class=\"elementor-widget-wrap elementor-element-populated\">\n\t\t\t\t\t\t<div class=\"elementor-element elementor-element-9a7cf95 elementor-widget elementor-widget-spacer\" data-id=\"9a7cf95\" data-element_type=\"widget\" data-e-type=\"widget\" data-widget_type=\"spacer.default\">\n\t\t\t\t<div class=\"elementor-widget-container\">\n\t\t\t\t\t\t\t<div class=\"elementor-spacer\">\n\t\t\t<div class=\"elementor-spacer-inner\"><\/div>\n\t\t<\/div>\n\t\t\t\t\t\t<\/div>\n\t\t\t\t<\/div>\n\t\t\t\t<div class=\"elementor-element elementor-element-fe88920 elementor-widget-divider--view-line elementor-widget elementor-widget-divider\" data-id=\"fe88920\" data-element_type=\"widget\" data-e-type=\"widget\" data-widget_type=\"divider.default\">\n\t\t\t\t<div class=\"elementor-widget-container\">\n\t\t\t\t\t\t\t<div class=\"elementor-divider\">\n\t\t\t<span class=\"elementor-divider-separator\">\n\t\t\t\t\t\t<\/span>\n\t\t<\/div>\n\t\t\t\t\t\t<\/div>\n\t\t\t\t<\/div>\n\t\t\t\t<div class=\"elementor-element elementor-element-784c363 elementor-widget elementor-widget-spacer\" data-id=\"784c363\" data-element_type=\"widget\" data-e-type=\"widget\" data-widget_type=\"spacer.default\">\n\t\t\t\t<div class=\"elementor-widget-container\">\n\t\t\t\t\t\t\t<div class=\"elementor-spacer\">\n\t\t\t<div class=\"elementor-spacer-inner\"><\/div>\n\t\t<\/div>\n\t\t\t\t\t\t<\/div>\n\t\t\t\t<\/div>\n\t\t\t\t\t<\/div>\n\t\t<\/div>\n\t\t\t\t\t<\/div>\n\t\t<\/section>\n\t\t\t\t<section class=\"elementor-section elementor-top-section elementor-element elementor-element-6019162 elementor-section-boxed elementor-section-height-default elementor-section-height-default\" data-id=\"6019162\" data-element_type=\"section\" data-e-type=\"section\">\n\t\t\t\t\t\t<div class=\"elementor-container elementor-column-gap-default\">\n\t\t\t\t\t<div class=\"elementor-column elementor-col-100 elementor-top-column elementor-element elementor-element-1964d6b\" data-id=\"1964d6b\" data-element_type=\"column\" data-e-type=\"column\">\n\t\t\t<div class=\"elementor-widget-wrap elementor-element-populated\">\n\t\t\t\t\t\t<div class=\"elementor-element elementor-element-2f0e70a elementor-widget elementor-widget-text-editor\" data-id=\"2f0e70a\" data-element_type=\"widget\" data-e-type=\"widget\" data-widget_type=\"text-editor.default\">\n\t\t\t\t<div class=\"elementor-widget-container\">\n\t\t\t\t\t\t\t\t\t<p>B\u00e1rbara Meneses conoce cada valle y cada rinc\u00f3n de la cordillera maulina. Para ella, este territorio ha sido escuela, hogar y vocaci\u00f3n. Desde la flora nativa y los paisajes volc\u00e1nicos hasta la memoria cultural que habita en los cerros, su trabajo como gu\u00eda busca generar experiencias que conecten a las personas con el entorno, promoviendo un turismo responsable basado en el conocimiento, la emoci\u00f3n y el cuidado del patrimonio.<\/p><p>A continuaci\u00f3n, les dejamos una entrevista con B\u00e1rbara, quien nos cuenta un poco sobre su historia, sus intereses y su v\u00ednculo con los Andes del Maule.<\/p>\t\t\t\t\t\t\t\t<\/div>\n\t\t\t\t<\/div>\n\t\t\t\t\t<\/div>\n\t\t<\/div>\n\t\t\t\t\t<\/div>\n\t\t<\/section>\n\t\t\t\t<section class=\"elementor-section elementor-top-section elementor-element elementor-element-6ecf099 elementor-section-boxed elementor-section-height-default elementor-section-height-default\" data-id=\"6ecf099\" data-element_type=\"section\" data-e-type=\"section\">\n\t\t\t\t\t\t<div class=\"elementor-container elementor-column-gap-default\">\n\t\t\t\t\t<div class=\"elementor-column elementor-col-100 elementor-top-column elementor-element elementor-element-968cf9d\" data-id=\"968cf9d\" data-element_type=\"column\" data-e-type=\"column\">\n\t\t\t<div class=\"elementor-widget-wrap elementor-element-populated\">\n\t\t\t\t\t\t<div class=\"elementor-element elementor-element-54a2eb9 elementor-widget elementor-widget-image\" data-id=\"54a2eb9\" data-element_type=\"widget\" data-e-type=\"widget\" data-widget_type=\"image.default\">\n\t\t\t\t<div class=\"elementor-widget-container\">\n\t\t\t\t\t\t\t\t\t\t\t\t\t\t\t<img decoding=\"async\" width=\"2048\" height=\"1365\" src=\"https:\/\/geoparquepillanmapu.com\/wp-content\/uploads\/2026\/01\/Barbara-Meneses.jpg\" class=\"attachment-full size-full wp-image-4625\" alt=\"\" srcset=\"https:\/\/geoparquepillanmapu.com\/wp-content\/uploads\/2026\/01\/Barbara-Meneses.jpg 2048w, https:\/\/geoparquepillanmapu.com\/wp-content\/uploads\/2026\/01\/Barbara-Meneses-300x200.jpg 300w, https:\/\/geoparquepillanmapu.com\/wp-content\/uploads\/2026\/01\/Barbara-Meneses-1024x683.jpg 1024w, https:\/\/geoparquepillanmapu.com\/wp-content\/uploads\/2026\/01\/Barbara-Meneses-768x512.jpg 768w, https:\/\/geoparquepillanmapu.com\/wp-content\/uploads\/2026\/01\/Barbara-Meneses-1536x1024.jpg 1536w, https:\/\/geoparquepillanmapu.com\/wp-content\/uploads\/2026\/01\/Barbara-Meneses-18x12.jpg 18w, https:\/\/geoparquepillanmapu.com\/wp-content\/uploads\/2026\/01\/Barbara-Meneses-600x400.jpg 600w\" sizes=\"(max-width: 2048px) 100vw, 2048px\" \/>\t\t\t\t\t\t\t\t\t\t\t\t\t\t\t<\/div>\n\t\t\t\t<\/div>\n\t\t\t\t<div class=\"elementor-element elementor-element-57bcb41 elementor-widget elementor-widget-text-editor\" data-id=\"57bcb41\" data-element_type=\"widget\" data-e-type=\"widget\" data-widget_type=\"text-editor.default\">\n\t\t\t\t<div class=\"elementor-widget-container\">\n\t\t\t\t\t\t\t\t\t<p><span style=\"font-weight: 400;\">B\u00e1rbara en el valle del Melado, con una cr\u00eda de chivo en sus brazos. David Cossio.<\/span><\/p>\t\t\t\t\t\t\t\t<\/div>\n\t\t\t\t<\/div>\n\t\t\t\t<div class=\"elementor-element elementor-element-9b30013 elementor-widget elementor-widget-spacer\" data-id=\"9b30013\" data-element_type=\"widget\" data-e-type=\"widget\" data-widget_type=\"spacer.default\">\n\t\t\t\t<div class=\"elementor-widget-container\">\n\t\t\t\t\t\t\t<div class=\"elementor-spacer\">\n\t\t\t<div class=\"elementor-spacer-inner\"><\/div>\n\t\t<\/div>\n\t\t\t\t\t\t<\/div>\n\t\t\t\t<\/div>\n\t\t\t\t\t<\/div>\n\t\t<\/div>\n\t\t\t\t\t<\/div>\n\t\t<\/section>\n\t\t\t\t<section class=\"elementor-section elementor-top-section elementor-element elementor-element-0620a75 elementor-section-boxed elementor-section-height-default elementor-section-height-default\" data-id=\"0620a75\" data-element_type=\"section\" data-e-type=\"section\">\n\t\t\t\t\t\t<div class=\"elementor-container elementor-column-gap-default\">\n\t\t\t\t\t<div class=\"elementor-column elementor-col-100 elementor-top-column elementor-element elementor-element-0b33cfd\" data-id=\"0b33cfd\" data-element_type=\"column\" data-e-type=\"column\">\n\t\t\t<div class=\"elementor-widget-wrap elementor-element-populated\">\n\t\t\t\t\t\t<div class=\"elementor-element elementor-element-b24c9c4 elementor-widget elementor-widget-heading\" data-id=\"b24c9c4\" data-element_type=\"widget\" data-e-type=\"widget\" data-widget_type=\"heading.default\">\n\t\t\t\t<div class=\"elementor-widget-container\">\n\t\t\t\t\t<h2 class=\"elementor-heading-title elementor-size-default\">Una Vida Ligada a la Cordillera Maulina: Comienzos y Formaci\u00f3n<\/h2>\t\t\t\t<\/div>\n\t\t\t\t<\/div>\n\t\t\t\t<div class=\"elementor-element elementor-element-7a650cb elementor-widget elementor-widget-text-editor\" data-id=\"7a650cb\" data-element_type=\"widget\" data-e-type=\"widget\" data-widget_type=\"text-editor.default\">\n\t\t\t\t<div class=\"elementor-widget-container\">\n\t\t\t\t\t\t\t\t\t<p><strong>\u00a0<\/strong><\/p><p><strong>\u00bfC\u00f3mo comenz\u00f3 tu relaci\u00f3n con los Andes del Maule?<\/strong><\/p><p>Mi relaci\u00f3n con los Andes del Maule comienza temprana edad. Desde que nac\u00ed vivo en San Clemente, por lo tanto me crie en el campo rodeada de animales y naturaleza, adem\u00e1s hac\u00edamos paseos familiares a distintos lugares, como El M\u00e9dano, Vilches, Parque Ingl\u00e9s, u otros. Luego, me met\u00ed a scout y realiz\u00e1bamos los campamentos de verano e invierno en la cordillera. Desde mi juventud hasta ahora, practiqu\u00e9 diversos deportes ligados a la naturaleza, como <em>trekking<\/em>, <em>mountain<\/em> <em>bike<\/em>, <em>kayak<\/em>, monta\u00f1ismo, as\u00ed que siempre me ha gustado la vida al aire libre, recorrer lugares hermosos y disfrutar del patrimonio que tenemos.<\/p><p><strong>\u00a0<\/strong><\/p><p><strong>\u00bfQu\u00e9 te hizo convertirte en gu\u00eda de turismo?<\/strong><\/p><p>Fue una oportunidad que se dio naturalmente. Yo ven\u00eda terminando un diplomado en flora nativa ornamental en la Universidad de Talca, ya que soy dise\u00f1adora y paisajista de profesi\u00f3n. En ese diplomado aprend\u00ed mucho sobre flora nativa y me encant\u00f3!!! En ese tiempo, lleg\u00f3 a Talca la fundaci\u00f3n Sendero de Chile que, en conjunto con Sernatur, abri\u00f3 una convocatoria para ser gu\u00eda de turismo en naturaleza, as\u00ed que me inscrib\u00ed y lo realic\u00e9. Fueron meses de preparaci\u00f3n y aprendizaje, con muchas horas de estudio en aula y salidas a terreno. Pas\u00e9 los ex\u00e1menes y desde hace 15 a\u00f1os que me dedico a guiar y mostrar esta hermosa regi\u00f3n.<\/p><p><strong>\u00a0<\/strong><\/p><p><strong>Sabes much\u00edsimo de flora nativa. \u00bfDe d\u00f3nde viene ese inter\u00e9s?<\/strong><\/p><p>Desde peque\u00f1a mi mam\u00e1 me ense\u00f1\u00f3 sobre el respeto y el amor por plantas y animales. Con el pasar de los a\u00f1os, fui estudiando m\u00e1s y saliendo a recorrer hasta tomar ese diplomado en paisajismo que me cautiv\u00f3 por completo. Hoy es una de mis mayores motivaciones; encontrar flora especial, end\u00e9mica y poder darlas a conocer de manera responsable, para as\u00ed tratar de proteger y preservar, estos tesoros maulinos<\/p>\t\t\t\t\t\t\t\t<\/div>\n\t\t\t\t<\/div>\n\t\t\t\t\t<\/div>\n\t\t<\/div>\n\t\t\t\t\t<\/div>\n\t\t<\/section>\n\t\t\t\t<section class=\"elementor-section elementor-top-section elementor-element elementor-element-0806191 elementor-section-boxed elementor-section-height-default elementor-section-height-default\" data-id=\"0806191\" data-element_type=\"section\" data-e-type=\"section\">\n\t\t\t\t\t\t<div class=\"elementor-container elementor-column-gap-default\">\n\t\t\t\t\t<div class=\"elementor-column elementor-col-100 elementor-top-column elementor-element elementor-element-e5ddf95\" data-id=\"e5ddf95\" data-element_type=\"column\" data-e-type=\"column\">\n\t\t\t<div class=\"elementor-widget-wrap elementor-element-populated\">\n\t\t\t\t\t\t<div class=\"elementor-element elementor-element-efd8120 elementor-widget elementor-widget-image\" data-id=\"efd8120\" data-element_type=\"widget\" data-e-type=\"widget\" data-widget_type=\"image.default\">\n\t\t\t\t<div class=\"elementor-widget-container\">\n\t\t\t\t\t\t\t\t\t\t\t\t\t\t\t<img decoding=\"async\" width=\"1600\" height=\"1204\" src=\"https:\/\/geoparquepillanmapu.com\/wp-content\/uploads\/2026\/01\/WhatsApp-Image-2026-01-13-at-11.36.29-AM-2.jpeg\" class=\"attachment-full size-full wp-image-4628\" alt=\"\" srcset=\"https:\/\/geoparquepillanmapu.com\/wp-content\/uploads\/2026\/01\/WhatsApp-Image-2026-01-13-at-11.36.29-AM-2.jpeg 1600w, https:\/\/geoparquepillanmapu.com\/wp-content\/uploads\/2026\/01\/WhatsApp-Image-2026-01-13-at-11.36.29-AM-2-300x226.jpeg 300w, https:\/\/geoparquepillanmapu.com\/wp-content\/uploads\/2026\/01\/WhatsApp-Image-2026-01-13-at-11.36.29-AM-2-1024x771.jpeg 1024w, https:\/\/geoparquepillanmapu.com\/wp-content\/uploads\/2026\/01\/WhatsApp-Image-2026-01-13-at-11.36.29-AM-2-768x578.jpeg 768w, https:\/\/geoparquepillanmapu.com\/wp-content\/uploads\/2026\/01\/WhatsApp-Image-2026-01-13-at-11.36.29-AM-2-1536x1156.jpeg 1536w, https:\/\/geoparquepillanmapu.com\/wp-content\/uploads\/2026\/01\/WhatsApp-Image-2026-01-13-at-11.36.29-AM-2-16x12.jpeg 16w, https:\/\/geoparquepillanmapu.com\/wp-content\/uploads\/2026\/01\/WhatsApp-Image-2026-01-13-at-11.36.29-AM-2-600x452.jpeg 600w\" sizes=\"(max-width: 1600px) 100vw, 1600px\" \/>\t\t\t\t\t\t\t\t\t\t\t\t\t\t\t<\/div>\n\t\t\t\t<\/div>\n\t\t\t\t<div class=\"elementor-element elementor-element-31a1a07 elementor-widget elementor-widget-text-editor\" data-id=\"31a1a07\" data-element_type=\"widget\" data-e-type=\"widget\" data-widget_type=\"text-editor.default\">\n\t\t\t\t<div class=\"elementor-widget-container\">\n\t\t\t\t\t\t\t\t\t<p>B\u00e1rbara en una salida guiada en el Alto Maule.<\/p>\t\t\t\t\t\t\t\t<\/div>\n\t\t\t\t<\/div>\n\t\t\t\t<div class=\"elementor-element elementor-element-4261b33 elementor-widget elementor-widget-spacer\" data-id=\"4261b33\" data-element_type=\"widget\" data-e-type=\"widget\" data-widget_type=\"spacer.default\">\n\t\t\t\t<div class=\"elementor-widget-container\">\n\t\t\t\t\t\t\t<div class=\"elementor-spacer\">\n\t\t\t<div class=\"elementor-spacer-inner\"><\/div>\n\t\t<\/div>\n\t\t\t\t\t\t<\/div>\n\t\t\t\t<\/div>\n\t\t\t\t\t<\/div>\n\t\t<\/div>\n\t\t\t\t\t<\/div>\n\t\t<\/section>\n\t\t\t\t<section class=\"elementor-section elementor-top-section elementor-element elementor-element-2d179d1 elementor-section-boxed elementor-section-height-default elementor-section-height-default\" data-id=\"2d179d1\" data-element_type=\"section\" data-e-type=\"section\">\n\t\t\t\t\t\t<div class=\"elementor-container elementor-column-gap-default\">\n\t\t\t\t\t<div class=\"elementor-column elementor-col-100 elementor-top-column elementor-element elementor-element-5761854\" data-id=\"5761854\" data-element_type=\"column\" data-e-type=\"column\">\n\t\t\t<div class=\"elementor-widget-wrap elementor-element-populated\">\n\t\t\t\t\t\t<div class=\"elementor-element elementor-element-6ebc4e2 elementor-widget elementor-widget-heading\" data-id=\"6ebc4e2\" data-element_type=\"widget\" data-e-type=\"widget\" data-widget_type=\"heading.default\">\n\t\t\t\t<div class=\"elementor-widget-container\">\n\t\t\t\t\t<h2 class=\"elementor-heading-title elementor-size-default\">Patrimonio Cordillerano: Especies y Sitios Excepcionales<\/h2>\t\t\t\t<\/div>\n\t\t\t\t<\/div>\n\t\t\t\t<div class=\"elementor-element elementor-element-f00d559 elementor-widget elementor-widget-text-editor\" data-id=\"f00d559\" data-element_type=\"widget\" data-e-type=\"widget\" data-widget_type=\"text-editor.default\">\n\t\t\t\t<div class=\"elementor-widget-container\">\n\t\t\t\t\t\t\t\t\t<p><strong><br \/>\u00bfHay alguna planta, \u00e1rbol o flor con la que tengas una conexi\u00f3n especial?<\/strong><\/p><p>Creo que hay varias a las que les tengo un amor especial. A las violas que son much\u00edsimas, muy hermosas y diversas, las cuales se distribuyen en todo nuestro pa\u00eds. La <em>Anemone moorei<\/em>, que es una flor muy escasa con endemismo del Maule, con solo unas pocas poblaciones registradas. La <em>Bipinnula apinnula<\/em>, que es una hermosa orqu\u00eddea end\u00e9mica de nuestra cordillera maulina y que hace poco pude encontrarlas en el Parque Ingl\u00e9s, siendo la poblaci\u00f3n m\u00e1s al norte encontrada hasta el momento. En cuanto a los \u00e1rboles, las pitras y los laureles de la cordillera son unos de mis favoritos, adem\u00e1s de los ruiles y queules que son nuestros arboles end\u00e9micos y con poblaciones muy escasas y que est\u00e1n constantemente amenazados por incendios y forestales que han arrasado con ellos.<\/p>\t\t\t\t\t\t\t\t<\/div>\n\t\t\t\t<\/div>\n\t\t\t\t\t<\/div>\n\t\t<\/div>\n\t\t\t\t\t<\/div>\n\t\t<\/section>\n\t\t\t\t<section class=\"elementor-section elementor-top-section elementor-element elementor-element-ff5eee9 elementor-section-boxed elementor-section-height-default elementor-section-height-default\" data-id=\"ff5eee9\" data-element_type=\"section\" data-e-type=\"section\">\n\t\t\t\t\t\t<div class=\"elementor-container elementor-column-gap-default\">\n\t\t\t\t\t<div class=\"elementor-column elementor-col-100 elementor-top-column elementor-element elementor-element-0041d10\" data-id=\"0041d10\" data-element_type=\"column\" data-e-type=\"column\">\n\t\t\t<div class=\"elementor-widget-wrap elementor-element-populated\">\n\t\t\t\t\t\t<div class=\"elementor-element elementor-element-1932d1c elementor-widget elementor-widget-image\" data-id=\"1932d1c\" data-element_type=\"widget\" data-e-type=\"widget\" data-widget_type=\"image.default\">\n\t\t\t\t<div class=\"elementor-widget-container\">\n\t\t\t\t\t\t\t\t\t\t\t\t\t\t\t<img loading=\"lazy\" decoding=\"async\" width=\"2048\" height=\"918\" src=\"https:\/\/geoparquepillanmapu.com\/wp-content\/uploads\/2025\/12\/Geoparque-Pillanmapu-Joao-de-la-Cruz-27.jpg\" class=\"attachment-full size-full wp-image-4510\" alt=\"\" srcset=\"https:\/\/geoparquepillanmapu.com\/wp-content\/uploads\/2025\/12\/Geoparque-Pillanmapu-Joao-de-la-Cruz-27.jpg 2048w, https:\/\/geoparquepillanmapu.com\/wp-content\/uploads\/2025\/12\/Geoparque-Pillanmapu-Joao-de-la-Cruz-27-300x134.jpg 300w, https:\/\/geoparquepillanmapu.com\/wp-content\/uploads\/2025\/12\/Geoparque-Pillanmapu-Joao-de-la-Cruz-27-1024x459.jpg 1024w, https:\/\/geoparquepillanmapu.com\/wp-content\/uploads\/2025\/12\/Geoparque-Pillanmapu-Joao-de-la-Cruz-27-768x344.jpg 768w, https:\/\/geoparquepillanmapu.com\/wp-content\/uploads\/2025\/12\/Geoparque-Pillanmapu-Joao-de-la-Cruz-27-1536x689.jpg 1536w, https:\/\/geoparquepillanmapu.com\/wp-content\/uploads\/2025\/12\/Geoparque-Pillanmapu-Joao-de-la-Cruz-27-18x8.jpg 18w, https:\/\/geoparquepillanmapu.com\/wp-content\/uploads\/2025\/12\/Geoparque-Pillanmapu-Joao-de-la-Cruz-27-600x269.jpg 600w\" sizes=\"(max-width: 2048px) 100vw, 2048px\" \/>\t\t\t\t\t\t\t\t\t\t\t\t\t\t\t<\/div>\n\t\t\t\t<\/div>\n\t\t\t\t<div class=\"elementor-element elementor-element-e5d743f elementor-widget elementor-widget-text-editor\" data-id=\"e5d743f\" data-element_type=\"widget\" data-e-type=\"widget\" data-widget_type=\"text-editor.default\">\n\t\t\t\t<div class=\"elementor-widget-container\">\n\t\t\t\t\t\t\t\t\t<p><i><span style=\"font-weight: 400;\">Viola turritella<\/span><\/i><span style=\"font-weight: 400;\">. <\/span><span style=\"font-weight: 400;\"> Joao de la Cruz.<\/span><\/p>\t\t\t\t\t\t\t\t<\/div>\n\t\t\t\t<\/div>\n\t\t\t\t\t<\/div>\n\t\t<\/div>\n\t\t\t\t\t<\/div>\n\t\t<\/section>\n\t\t\t\t<section class=\"elementor-section elementor-top-section elementor-element elementor-element-99e5a66 elementor-section-boxed elementor-section-height-default elementor-section-height-default\" data-id=\"99e5a66\" data-element_type=\"section\" data-e-type=\"section\">\n\t\t\t\t\t\t<div class=\"elementor-container elementor-column-gap-default\">\n\t\t\t\t\t<div class=\"elementor-column elementor-col-50 elementor-top-column elementor-element elementor-element-39ec8a6\" data-id=\"39ec8a6\" data-element_type=\"column\" data-e-type=\"column\">\n\t\t\t<div class=\"elementor-widget-wrap elementor-element-populated\">\n\t\t\t\t\t\t<div class=\"elementor-element elementor-element-1b11837 elementor-widget elementor-widget-image\" data-id=\"1b11837\" data-element_type=\"widget\" data-e-type=\"widget\" data-widget_type=\"image.default\">\n\t\t\t\t<div class=\"elementor-widget-container\">\n\t\t\t\t\t\t\t\t\t\t\t\t\t\t\t<img loading=\"lazy\" decoding=\"async\" width=\"1365\" height=\"2048\" src=\"https:\/\/geoparquepillanmapu.com\/wp-content\/uploads\/2025\/11\/Geoparque-Pillanmapu-Anemone-morei-2-Felipe-Ponce.jpg\" class=\"attachment-full size-full wp-image-3881\" alt=\"\" srcset=\"https:\/\/geoparquepillanmapu.com\/wp-content\/uploads\/2025\/11\/Geoparque-Pillanmapu-Anemone-morei-2-Felipe-Ponce.jpg 1365w, https:\/\/geoparquepillanmapu.com\/wp-content\/uploads\/2025\/11\/Geoparque-Pillanmapu-Anemone-morei-2-Felipe-Ponce-200x300.jpg 200w, https:\/\/geoparquepillanmapu.com\/wp-content\/uploads\/2025\/11\/Geoparque-Pillanmapu-Anemone-morei-2-Felipe-Ponce-683x1024.jpg 683w, https:\/\/geoparquepillanmapu.com\/wp-content\/uploads\/2025\/11\/Geoparque-Pillanmapu-Anemone-morei-2-Felipe-Ponce-768x1152.jpg 768w, https:\/\/geoparquepillanmapu.com\/wp-content\/uploads\/2025\/11\/Geoparque-Pillanmapu-Anemone-morei-2-Felipe-Ponce-1024x1536.jpg 1024w, https:\/\/geoparquepillanmapu.com\/wp-content\/uploads\/2025\/11\/Geoparque-Pillanmapu-Anemone-morei-2-Felipe-Ponce-600x900.jpg 600w\" sizes=\"(max-width: 1365px) 100vw, 1365px\" \/>\t\t\t\t\t\t\t\t\t\t\t\t\t\t\t<\/div>\n\t\t\t\t<\/div>\n\t\t\t\t<div class=\"elementor-element elementor-element-04cd844 elementor-widget elementor-widget-text-editor\" data-id=\"04cd844\" data-element_type=\"widget\" data-e-type=\"widget\" data-widget_type=\"text-editor.default\">\n\t\t\t\t<div class=\"elementor-widget-container\">\n\t\t\t\t\t\t\t\t\t<p><span style=\"font-weight: 400;\"><em>Anemone moorei<\/em>. Felipe Ponce.<\/span><\/p>\t\t\t\t\t\t\t\t<\/div>\n\t\t\t\t<\/div>\n\t\t\t\t<div class=\"elementor-element elementor-element-31ba2e5 elementor-widget elementor-widget-spacer\" data-id=\"31ba2e5\" data-element_type=\"widget\" data-e-type=\"widget\" data-widget_type=\"spacer.default\">\n\t\t\t\t<div class=\"elementor-widget-container\">\n\t\t\t\t\t\t\t<div class=\"elementor-spacer\">\n\t\t\t<div class=\"elementor-spacer-inner\"><\/div>\n\t\t<\/div>\n\t\t\t\t\t\t<\/div>\n\t\t\t\t<\/div>\n\t\t\t\t\t<\/div>\n\t\t<\/div>\n\t\t\t\t<div class=\"elementor-column elementor-col-50 elementor-top-column elementor-element elementor-element-2c9fb90\" data-id=\"2c9fb90\" data-element_type=\"column\" data-e-type=\"column\">\n\t\t\t<div class=\"elementor-widget-wrap elementor-element-populated\">\n\t\t\t\t\t\t<div class=\"elementor-element elementor-element-8039f16 elementor-widget elementor-widget-image\" data-id=\"8039f16\" data-element_type=\"widget\" data-e-type=\"widget\" data-widget_type=\"image.default\">\n\t\t\t\t<div class=\"elementor-widget-container\">\n\t\t\t\t\t\t\t\t\t\t\t\t\t\t\t<img loading=\"lazy\" decoding=\"async\" width=\"1365\" height=\"2048\" src=\"https:\/\/geoparquepillanmapu.com\/wp-content\/uploads\/2025\/11\/Geoparque-Pillanmapu-Bipinnula-apinnula-Felipe-Ponce.jpg\" class=\"attachment-full size-full wp-image-3883\" alt=\"\" srcset=\"https:\/\/geoparquepillanmapu.com\/wp-content\/uploads\/2025\/11\/Geoparque-Pillanmapu-Bipinnula-apinnula-Felipe-Ponce.jpg 1365w, https:\/\/geoparquepillanmapu.com\/wp-content\/uploads\/2025\/11\/Geoparque-Pillanmapu-Bipinnula-apinnula-Felipe-Ponce-200x300.jpg 200w, https:\/\/geoparquepillanmapu.com\/wp-content\/uploads\/2025\/11\/Geoparque-Pillanmapu-Bipinnula-apinnula-Felipe-Ponce-683x1024.jpg 683w, https:\/\/geoparquepillanmapu.com\/wp-content\/uploads\/2025\/11\/Geoparque-Pillanmapu-Bipinnula-apinnula-Felipe-Ponce-768x1152.jpg 768w, https:\/\/geoparquepillanmapu.com\/wp-content\/uploads\/2025\/11\/Geoparque-Pillanmapu-Bipinnula-apinnula-Felipe-Ponce-1024x1536.jpg 1024w, https:\/\/geoparquepillanmapu.com\/wp-content\/uploads\/2025\/11\/Geoparque-Pillanmapu-Bipinnula-apinnula-Felipe-Ponce-600x900.jpg 600w\" sizes=\"(max-width: 1365px) 100vw, 1365px\" \/>\t\t\t\t\t\t\t\t\t\t\t\t\t\t\t<\/div>\n\t\t\t\t<\/div>\n\t\t\t\t<div class=\"elementor-element elementor-element-93aa087 elementor-widget elementor-widget-text-editor\" data-id=\"93aa087\" data-element_type=\"widget\" data-e-type=\"widget\" data-widget_type=\"text-editor.default\">\n\t\t\t\t<div class=\"elementor-widget-container\">\n\t\t\t\t\t\t\t\t\t<p><span style=\"font-weight: 400;\"><em>Bipinnula apinnula<\/em>. Felipe Ponce.<\/span><\/p>\t\t\t\t\t\t\t\t<\/div>\n\t\t\t\t<\/div>\n\t\t\t\t<div class=\"elementor-element elementor-element-a896b77 elementor-widget elementor-widget-spacer\" data-id=\"a896b77\" data-element_type=\"widget\" data-e-type=\"widget\" data-widget_type=\"spacer.default\">\n\t\t\t\t<div class=\"elementor-widget-container\">\n\t\t\t\t\t\t\t<div class=\"elementor-spacer\">\n\t\t\t<div class=\"elementor-spacer-inner\"><\/div>\n\t\t<\/div>\n\t\t\t\t\t\t<\/div>\n\t\t\t\t<\/div>\n\t\t\t\t\t<\/div>\n\t\t<\/div>\n\t\t\t\t\t<\/div>\n\t\t<\/section>\n\t\t\t\t<section class=\"elementor-section elementor-top-section elementor-element elementor-element-711fe15 elementor-section-boxed elementor-section-height-default elementor-section-height-default\" data-id=\"711fe15\" data-element_type=\"section\" data-e-type=\"section\">\n\t\t\t\t\t\t<div class=\"elementor-container elementor-column-gap-default\">\n\t\t\t\t\t<div class=\"elementor-column elementor-col-100 elementor-top-column elementor-element elementor-element-be07083\" data-id=\"be07083\" data-element_type=\"column\" data-e-type=\"column\">\n\t\t\t<div class=\"elementor-widget-wrap elementor-element-populated\">\n\t\t\t\t\t\t<div class=\"elementor-element elementor-element-10811b3 elementor-widget elementor-widget-text-editor\" data-id=\"10811b3\" data-element_type=\"widget\" data-e-type=\"widget\" data-widget_type=\"text-editor.default\">\n\t\t\t\t<div class=\"elementor-widget-container\">\n\t\t\t\t\t\t\t\t\t<p><strong>Has recorrido zonas con geolog\u00eda incre\u00edble. \u00bfCu\u00e1l es el paisaje geol\u00f3gico que m\u00e1s te impresiona?<\/strong><\/p><p>Una de las zonas m\u00e1s impresionantes de la cordillera maulina es el Complejo Volc\u00e1nico Planch\u00f3n-Peteroa, muy activo y con cr\u00e1teres con fumarolas y lagunas de colores intensos, adem\u00e1s de tener glaciares cerca. Es un mix extra\u00f1o entre minerales, fumarolas con much\u00edsimo calor y hielos calipsos descolg\u00e1ndose por las laderas. Otra zona que me encanta son los volcanes Hornitos, el maar de los Quillayes, las lagunas Caracol y Turbia, cr\u00e1ter las Resolanas y Quizapu, un lugar en el que te sientes peque\u00f1a y maravillada por el paisaje impresionante que te rodea. Por \u00faltimo, el sector del Alto Maule, con sus formaciones rocosas tan particulares; la Laguna del Maule y Carilauna, el pueblito de lo Galaz (m\u00e1s conocido como la ciudadela). Es dif\u00edcil elegir solo un lugar con tanta belleza e importancia geol\u00f3gica que hay en el territorio.<\/p>\t\t\t\t\t\t\t\t<\/div>\n\t\t\t\t<\/div>\n\t\t\t\t\t<\/div>\n\t\t<\/div>\n\t\t\t\t\t<\/div>\n\t\t<\/section>\n\t\t\t\t<section class=\"elementor-section elementor-top-section elementor-element elementor-element-8510290 elementor-section-boxed elementor-section-height-default elementor-section-height-default\" data-id=\"8510290\" data-element_type=\"section\" data-e-type=\"section\">\n\t\t\t\t\t\t<div class=\"elementor-container elementor-column-gap-default\">\n\t\t\t\t\t<div class=\"elementor-column elementor-col-100 elementor-top-column elementor-element elementor-element-97b5ab1\" data-id=\"97b5ab1\" data-element_type=\"column\" data-e-type=\"column\">\n\t\t\t<div class=\"elementor-widget-wrap elementor-element-populated\">\n\t\t\t\t\t\t<div class=\"elementor-element elementor-element-bfdc175 elementor-widget elementor-widget-image\" data-id=\"bfdc175\" data-element_type=\"widget\" data-e-type=\"widget\" data-widget_type=\"image.default\">\n\t\t\t\t<div class=\"elementor-widget-container\">\n\t\t\t\t\t\t\t\t\t\t\t\t\t\t\t<img loading=\"lazy\" decoding=\"async\" width=\"2048\" height=\"1364\" src=\"https:\/\/geoparquepillanmapu.com\/wp-content\/uploads\/2025\/11\/Los-Hornitos-1.jpg\" class=\"attachment-full size-full wp-image-3073\" alt=\"\" srcset=\"https:\/\/geoparquepillanmapu.com\/wp-content\/uploads\/2025\/11\/Los-Hornitos-1.jpg 2048w, https:\/\/geoparquepillanmapu.com\/wp-content\/uploads\/2025\/11\/Los-Hornitos-1-300x200.jpg 300w, https:\/\/geoparquepillanmapu.com\/wp-content\/uploads\/2025\/11\/Los-Hornitos-1-1024x682.jpg 1024w, https:\/\/geoparquepillanmapu.com\/wp-content\/uploads\/2025\/11\/Los-Hornitos-1-768x512.jpg 768w, https:\/\/geoparquepillanmapu.com\/wp-content\/uploads\/2025\/11\/Los-Hornitos-1-1536x1023.jpg 1536w, https:\/\/geoparquepillanmapu.com\/wp-content\/uploads\/2025\/11\/Los-Hornitos-1-600x400.jpg 600w\" sizes=\"(max-width: 2048px) 100vw, 2048px\" \/>\t\t\t\t\t\t\t\t\t\t\t\t\t\t\t<\/div>\n\t\t\t\t<\/div>\n\t\t\t\t<div class=\"elementor-element elementor-element-9123097 elementor-widget elementor-widget-text-editor\" data-id=\"9123097\" data-element_type=\"widget\" data-e-type=\"widget\" data-widget_type=\"text-editor.default\">\n\t\t\t\t<div class=\"elementor-widget-container\">\n\t\t\t\t\t\t\t\t\t<p><span style=\"font-weight: 400;\">Conos<\/span><span style=\"font-weight: 400;\"> de los Hornitos<\/span><i><span style=\"font-weight: 400;\">.<\/span><\/i> <span style=\"font-weight: 400;\"> David Cossio.<\/span><\/p>\t\t\t\t\t\t\t\t<\/div>\n\t\t\t\t<\/div>\n\t\t\t\t<div class=\"elementor-element elementor-element-fe8e09a elementor-widget elementor-widget-spacer\" data-id=\"fe8e09a\" data-element_type=\"widget\" data-e-type=\"widget\" data-widget_type=\"spacer.default\">\n\t\t\t\t<div class=\"elementor-widget-container\">\n\t\t\t\t\t\t\t<div class=\"elementor-spacer\">\n\t\t\t<div class=\"elementor-spacer-inner\"><\/div>\n\t\t<\/div>\n\t\t\t\t\t\t<\/div>\n\t\t\t\t<\/div>\n\t\t\t\t\t<\/div>\n\t\t<\/div>\n\t\t\t\t\t<\/div>\n\t\t<\/section>\n\t\t\t\t<section class=\"elementor-section elementor-top-section elementor-element elementor-element-095284a elementor-section-boxed elementor-section-height-default elementor-section-height-default\" data-id=\"095284a\" data-element_type=\"section\" data-e-type=\"section\">\n\t\t\t\t\t\t<div class=\"elementor-container elementor-column-gap-default\">\n\t\t\t\t\t<div class=\"elementor-column elementor-col-100 elementor-top-column elementor-element elementor-element-3c1bb30\" data-id=\"3c1bb30\" data-element_type=\"column\" data-e-type=\"column\">\n\t\t\t<div class=\"elementor-widget-wrap elementor-element-populated\">\n\t\t\t\t\t\t<div class=\"elementor-element elementor-element-16c7504 elementor-widget elementor-widget-image\" data-id=\"16c7504\" data-element_type=\"widget\" data-e-type=\"widget\" data-widget_type=\"image.default\">\n\t\t\t\t<div class=\"elementor-widget-container\">\n\t\t\t\t\t\t\t\t\t\t\t\t\t\t\t<img loading=\"lazy\" decoding=\"async\" width=\"1024\" height=\"768\" src=\"https:\/\/geoparquepillanmapu.com\/wp-content\/uploads\/2025\/11\/Quizapu-Geoffrey-Morier.jpeg\" class=\"attachment-full size-full wp-image-3184\" alt=\"\" srcset=\"https:\/\/geoparquepillanmapu.com\/wp-content\/uploads\/2025\/11\/Quizapu-Geoffrey-Morier.jpeg 1024w, https:\/\/geoparquepillanmapu.com\/wp-content\/uploads\/2025\/11\/Quizapu-Geoffrey-Morier-300x225.jpeg 300w, https:\/\/geoparquepillanmapu.com\/wp-content\/uploads\/2025\/11\/Quizapu-Geoffrey-Morier-768x576.jpeg 768w, https:\/\/geoparquepillanmapu.com\/wp-content\/uploads\/2025\/11\/Quizapu-Geoffrey-Morier-600x450.jpeg 600w\" sizes=\"(max-width: 1024px) 100vw, 1024px\" \/>\t\t\t\t\t\t\t\t\t\t\t\t\t\t\t<\/div>\n\t\t\t\t<\/div>\n\t\t\t\t<div class=\"elementor-element elementor-element-68816c8 elementor-widget elementor-widget-text-editor\" data-id=\"68816c8\" data-element_type=\"widget\" data-e-type=\"widget\" data-widget_type=\"text-editor.default\">\n\t\t\t\t<div class=\"elementor-widget-container\">\n\t\t\t\t\t\t\t\t\t<p>Cr\u00e1ter del volc\u00e1n Quizapu. Al fondo el volc\u00e1n Cerro Azul. Geoffrey Morier.<\/p>\t\t\t\t\t\t\t\t<\/div>\n\t\t\t\t<\/div>\n\t\t\t\t<div class=\"elementor-element elementor-element-e9e3b72 elementor-widget elementor-widget-spacer\" data-id=\"e9e3b72\" data-element_type=\"widget\" data-e-type=\"widget\" data-widget_type=\"spacer.default\">\n\t\t\t\t<div class=\"elementor-widget-container\">\n\t\t\t\t\t\t\t<div class=\"elementor-spacer\">\n\t\t\t<div class=\"elementor-spacer-inner\"><\/div>\n\t\t<\/div>\n\t\t\t\t\t\t<\/div>\n\t\t\t\t<\/div>\n\t\t\t\t\t<\/div>\n\t\t<\/div>\n\t\t\t\t\t<\/div>\n\t\t<\/section>\n\t\t\t\t<section class=\"elementor-section elementor-top-section elementor-element elementor-element-af5b4bb elementor-section-boxed elementor-section-height-default elementor-section-height-default\" data-id=\"af5b4bb\" data-element_type=\"section\" data-e-type=\"section\">\n\t\t\t\t\t\t<div class=\"elementor-container elementor-column-gap-default\">\n\t\t\t\t\t<div class=\"elementor-column elementor-col-100 elementor-top-column elementor-element elementor-element-65bd4e2\" data-id=\"65bd4e2\" data-element_type=\"column\" data-e-type=\"column\">\n\t\t\t<div class=\"elementor-widget-wrap elementor-element-populated\">\n\t\t\t\t\t\t<div class=\"elementor-element elementor-element-f33a0c7 elementor-widget elementor-widget-image\" data-id=\"f33a0c7\" data-element_type=\"widget\" data-e-type=\"widget\" data-widget_type=\"image.default\">\n\t\t\t\t<div class=\"elementor-widget-container\">\n\t\t\t\t\t\t\t\t\t\t\t\t\t\t\t<img loading=\"lazy\" decoding=\"async\" width=\"2048\" height=\"1364\" src=\"https:\/\/geoparquepillanmapu.com\/wp-content\/uploads\/2026\/01\/Laguna-Cari-Launa-1.jpg\" class=\"attachment-full size-full wp-image-4620\" alt=\"\" srcset=\"https:\/\/geoparquepillanmapu.com\/wp-content\/uploads\/2026\/01\/Laguna-Cari-Launa-1.jpg 2048w, https:\/\/geoparquepillanmapu.com\/wp-content\/uploads\/2026\/01\/Laguna-Cari-Launa-1-300x200.jpg 300w, https:\/\/geoparquepillanmapu.com\/wp-content\/uploads\/2026\/01\/Laguna-Cari-Launa-1-1024x682.jpg 1024w, https:\/\/geoparquepillanmapu.com\/wp-content\/uploads\/2026\/01\/Laguna-Cari-Launa-1-768x512.jpg 768w, https:\/\/geoparquepillanmapu.com\/wp-content\/uploads\/2026\/01\/Laguna-Cari-Launa-1-1536x1023.jpg 1536w, https:\/\/geoparquepillanmapu.com\/wp-content\/uploads\/2026\/01\/Laguna-Cari-Launa-1-18x12.jpg 18w, https:\/\/geoparquepillanmapu.com\/wp-content\/uploads\/2026\/01\/Laguna-Cari-Launa-1-600x400.jpg 600w\" sizes=\"(max-width: 2048px) 100vw, 2048px\" \/>\t\t\t\t\t\t\t\t\t\t\t\t\t\t\t<\/div>\n\t\t\t\t<\/div>\n\t\t\t\t<div class=\"elementor-element elementor-element-24d4136 elementor-widget elementor-widget-text-editor\" data-id=\"24d4136\" data-element_type=\"widget\" data-e-type=\"widget\" data-widget_type=\"text-editor.default\">\n\t\t\t\t<div class=\"elementor-widget-container\">\n\t\t\t\t\t\t\t\t\t<p>Laguna Carilauna. David Cossio.<\/p>\t\t\t\t\t\t\t\t<\/div>\n\t\t\t\t<\/div>\n\t\t\t\t<div class=\"elementor-element elementor-element-d19eba0 elementor-widget elementor-widget-spacer\" data-id=\"d19eba0\" data-element_type=\"widget\" data-e-type=\"widget\" data-widget_type=\"spacer.default\">\n\t\t\t\t<div class=\"elementor-widget-container\">\n\t\t\t\t\t\t\t<div class=\"elementor-spacer\">\n\t\t\t<div class=\"elementor-spacer-inner\"><\/div>\n\t\t<\/div>\n\t\t\t\t\t\t<\/div>\n\t\t\t\t<\/div>\n\t\t\t\t\t<\/div>\n\t\t<\/div>\n\t\t\t\t\t<\/div>\n\t\t<\/section>\n\t\t\t\t<section class=\"elementor-section elementor-top-section elementor-element elementor-element-97e029a elementor-section-boxed elementor-section-height-default elementor-section-height-default\" data-id=\"97e029a\" data-element_type=\"section\" data-e-type=\"section\">\n\t\t\t\t\t\t<div class=\"elementor-container elementor-column-gap-default\">\n\t\t\t\t\t<div class=\"elementor-column elementor-col-100 elementor-top-column elementor-element elementor-element-65abe1d\" data-id=\"65abe1d\" data-element_type=\"column\" data-e-type=\"column\">\n\t\t\t<div class=\"elementor-widget-wrap elementor-element-populated\">\n\t\t\t\t\t\t<div class=\"elementor-element elementor-element-79f61b1 elementor-widget elementor-widget-text-editor\" data-id=\"79f61b1\" data-element_type=\"widget\" data-e-type=\"widget\" data-widget_type=\"text-editor.default\">\n\t\t\t\t<div class=\"elementor-widget-container\">\n\t\t\t\t\t\t\t\t\t<p>Si<strong> tuvieras que elegir solo un lugar de los Andes del Maule para volver eternamente, \u00bfcu\u00e1l ser\u00eda?<\/strong><\/p><p>Ayyy, que dif\u00edcil! Pero, elegir\u00eda el sector de la Laguna del Maule, ya que es un territorio constantemente amenazado por industrias generadoras de energ\u00eda, miner\u00eda y turismo masivo. Necesita protecci\u00f3n y gente que lo cuide, as\u00ed que feliz pasar\u00eda una eternidad completa ah\u00ed ayudando en su preservaci\u00f3n, cuidado y puesta en valor.<\/p><p>\u00a0<\/p><p><strong>Has visto muchos vestigios arqueol\u00f3gicos en tus rutas. \u00bfCu\u00e1l ha sido el hallazgo o sitio que m\u00e1s te ha marcado?<\/strong><\/p><p>He visto much\u00edsimos vestigios ancestrales y siempre es emocionante encontrar algo nuevo o visitar sitios con petroglifos o arte rupestre, eso de pensar que est\u00e1s parada donde hace 9.000 a\u00f1os atr\u00e1s transitaban nuestros ancestros me vuela la cabeza. El solo hecho de imaginar la vida ah\u00ed en esos tiempos&#8230; uffff es algo apasionante. Es dif\u00edcil elegir, pero lo que m\u00e1s me ha marcado en este \u00e1mbito ha sido haber encontrado los petroglifos del Mellico destruidos. Fue algo que me parti\u00f3 el alma, una pena que nunca pens\u00e9 sentir por unas rocas y sus dibujos. A\u00fan me afecta recordarlo, ya que, a pesar de que han pasado cuatro a\u00f1os, los petroglifos no han vuelto a su lugar y las instituciones pertinentes a\u00fan no han dado una respuesta concreta que permita avanzar en su recuperaci\u00f3n y protecci\u00f3n.<\/p>\t\t\t\t\t\t\t\t<\/div>\n\t\t\t\t<\/div>\n\t\t\t\t\t<\/div>\n\t\t<\/div>\n\t\t\t\t\t<\/div>\n\t\t<\/section>\n\t\t\t\t<section class=\"elementor-section elementor-top-section elementor-element elementor-element-a540f54 elementor-section-boxed elementor-section-height-default elementor-section-height-default\" data-id=\"a540f54\" data-element_type=\"section\" data-e-type=\"section\">\n\t\t\t\t\t\t<div class=\"elementor-container elementor-column-gap-default\">\n\t\t\t\t\t<div class=\"elementor-column elementor-col-100 elementor-top-column elementor-element elementor-element-4109aac\" data-id=\"4109aac\" data-element_type=\"column\" data-e-type=\"column\">\n\t\t\t<div class=\"elementor-widget-wrap elementor-element-populated\">\n\t\t\t\t\t\t<div class=\"elementor-element elementor-element-af074c9 elementor-widget elementor-widget-image\" data-id=\"af074c9\" data-element_type=\"widget\" data-e-type=\"widget\" data-widget_type=\"image.default\">\n\t\t\t\t<div class=\"elementor-widget-container\">\n\t\t\t\t\t\t\t\t\t\t\t\t\t\t\t<img loading=\"lazy\" decoding=\"async\" width=\"2048\" height=\"1365\" src=\"https:\/\/geoparquepillanmapu.com\/wp-content\/uploads\/2025\/11\/Valle-condores-liviana-201.jpg\" class=\"attachment-full size-full wp-image-3495\" alt=\"\" srcset=\"https:\/\/geoparquepillanmapu.com\/wp-content\/uploads\/2025\/11\/Valle-condores-liviana-201.jpg 2048w, https:\/\/geoparquepillanmapu.com\/wp-content\/uploads\/2025\/11\/Valle-condores-liviana-201-300x200.jpg 300w, https:\/\/geoparquepillanmapu.com\/wp-content\/uploads\/2025\/11\/Valle-condores-liviana-201-1024x683.jpg 1024w, https:\/\/geoparquepillanmapu.com\/wp-content\/uploads\/2025\/11\/Valle-condores-liviana-201-768x512.jpg 768w, https:\/\/geoparquepillanmapu.com\/wp-content\/uploads\/2025\/11\/Valle-condores-liviana-201-1536x1024.jpg 1536w, https:\/\/geoparquepillanmapu.com\/wp-content\/uploads\/2025\/11\/Valle-condores-liviana-201-600x400.jpg 600w\" sizes=\"(max-width: 2048px) 100vw, 2048px\" \/>\t\t\t\t\t\t\t\t\t\t\t\t\t\t\t<\/div>\n\t\t\t\t<\/div>\n\t\t\t\t<div class=\"elementor-element elementor-element-af49e88 elementor-widget elementor-widget-text-editor\" data-id=\"af49e88\" data-element_type=\"widget\" data-e-type=\"widget\" data-widget_type=\"text-editor.default\">\n\t\t\t\t<div class=\"elementor-widget-container\">\n\t\t\t\t\t\t\t\t\t<p>Petroglifos de Mellico, destruidos luego de una intervenci\u00f3n con maquinaria. David Cossio.<\/p>\t\t\t\t\t\t\t\t<\/div>\n\t\t\t\t<\/div>\n\t\t\t\t<div class=\"elementor-element elementor-element-fd02c7f elementor-widget elementor-widget-spacer\" data-id=\"fd02c7f\" data-element_type=\"widget\" data-e-type=\"widget\" data-widget_type=\"spacer.default\">\n\t\t\t\t<div class=\"elementor-widget-container\">\n\t\t\t\t\t\t\t<div class=\"elementor-spacer\">\n\t\t\t<div class=\"elementor-spacer-inner\"><\/div>\n\t\t<\/div>\n\t\t\t\t\t\t<\/div>\n\t\t\t\t<\/div>\n\t\t\t\t\t<\/div>\n\t\t<\/div>\n\t\t\t\t\t<\/div>\n\t\t<\/section>\n\t\t\t\t<section class=\"elementor-section elementor-top-section elementor-element elementor-element-d8ca8c5 elementor-section-boxed elementor-section-height-default elementor-section-height-default\" data-id=\"d8ca8c5\" data-element_type=\"section\" data-e-type=\"section\">\n\t\t\t\t\t\t<div class=\"elementor-container elementor-column-gap-default\">\n\t\t\t\t\t<div class=\"elementor-column elementor-col-100 elementor-top-column elementor-element elementor-element-54b34c4\" data-id=\"54b34c4\" data-element_type=\"column\" data-e-type=\"column\">\n\t\t\t<div class=\"elementor-widget-wrap elementor-element-populated\">\n\t\t\t\t\t\t<div class=\"elementor-element elementor-element-5d40952 elementor-widget elementor-widget-heading\" data-id=\"5d40952\" data-element_type=\"widget\" data-e-type=\"widget\" data-widget_type=\"heading.default\">\n\t\t\t\t<div class=\"elementor-widget-container\">\n\t\t\t\t\t<h2 class=\"elementor-heading-title elementor-size-default\">Pasiones: Splitboard y Habitar la Monta\u00f1a<\/h2>\t\t\t\t<\/div>\n\t\t\t\t<\/div>\n\t\t\t\t<div class=\"elementor-element elementor-element-e0349a5 elementor-widget elementor-widget-text-editor\" data-id=\"e0349a5\" data-element_type=\"widget\" data-e-type=\"widget\" data-widget_type=\"text-editor.default\">\n\t\t\t\t<div class=\"elementor-widget-container\">\n\t\t\t\t\t\t\t\t\t<p><\/p>\n<p><strong>El <i>splitboard <\/i>es una de tus grandes pasiones. \u00bfQu\u00e9 te entrega recorrer los Andes del Maule sobre una tabla y con tus propias fuerzas? \u00bfHay alguna bajada o ascenso que guardes como un momento inolvidable?<\/strong><\/p>\n<p>Recorrer la cordillera con mi <i>splitboard <\/i>me entrega una profunda sensaci\u00f3n de libertad y autonom\u00eda. No uso motos de nieve y raramente voy a un centro de esqu\u00ed, ya que lo que busco es poder moverme a partir de la fuerza de mi cuerpo y cultivar la perseverancia y paciencia que me ense\u00f1a en cada paso la monta\u00f1a. Hacer traves\u00edas e ir explorando los territorios llenos de nieve es so\u00f1ado y espero cada invierno con muchas ansias. No s\u00e9 si hay una bajada en especial, porque cuando encuentras powder o nieve polvo en una bajada, es una sensaci\u00f3n realmente inexplicable; como fluye la tabla, la liviandad con la que bajas&#8230; Realmente flotas. Supongo que debe ser como volar. Por lo mismo, siempre que hay estas condiciones la felicidad y goce son incre\u00edbles. Eso si, uno de mis lugares favoritos es el sector de los Hornitos y todo el caj\u00f3n hom\u00f3nimo, es una maravilla, ya que puedes deslizar hacia el interior del cr\u00e1ter del volc\u00e1n y eso es algo que no es muy t\u00edpico. Es un lugar especial e incre\u00edble para disfrutar y quedarse a acampar unos d\u00edas por ah\u00ed.<\/p>\n<p><strong>\u00bfHas tenido alg\u00fan momento de miedo o reflexi\u00f3n profunda all\u00e1 arriba? \u00bfQu\u00e9 te ense\u00f1a la monta\u00f1a sobre la vida?<\/strong><\/p>\n<p>Siempre la monta\u00f1a nos ense\u00f1a algo, en cada salida aprendes lecciones de gran valor. Siento que esos territorios te invitan a reflexionar; te muestran lo peque\u00f1a que eres, a tomar las cosas con calma y humildad, a analizar todo a tu alrededor. Te vuelves muy observadora. La monta\u00f1a saca lo mejor y lo peor de ti, dependiendo del momento\u2026 Para m\u00ed, es una instancia de autoconocimiento, de cultivar la paciencia, la perseverancia, de trabajo en equipo, de superaci\u00f3n, aprender a leer el terreno, a observar el entorno y sus se\u00f1ales, a ser cautelosa y respetuosa con el inmenso territorio que tienes en frente, a cultivar la fuerza mental y f\u00edsica. Creo que una vez que partes a la monta\u00f1a, nunca vuelves siendo la misma persona, algo en tus profundidades cambia.<\/p>\t\t\t\t\t\t\t\t<\/div>\n\t\t\t\t<\/div>\n\t\t\t\t\t<\/div>\n\t\t<\/div>\n\t\t\t\t\t<\/div>\n\t\t<\/section>\n\t\t\t\t<section class=\"elementor-section elementor-top-section elementor-element elementor-element-13f7818 elementor-section-boxed elementor-section-height-default elementor-section-height-default\" data-id=\"13f7818\" data-element_type=\"section\" data-e-type=\"section\">\n\t\t\t\t\t\t<div class=\"elementor-container elementor-column-gap-default\">\n\t\t\t\t\t<div class=\"elementor-column elementor-col-100 elementor-top-column elementor-element elementor-element-f7c00fc\" data-id=\"f7c00fc\" data-element_type=\"column\" data-e-type=\"column\">\n\t\t\t<div class=\"elementor-widget-wrap elementor-element-populated\">\n\t\t\t\t\t\t<div class=\"elementor-element elementor-element-67ee1b0 elementor-widget elementor-widget-image\" data-id=\"67ee1b0\" data-element_type=\"widget\" data-e-type=\"widget\" data-widget_type=\"image.default\">\n\t\t\t\t<div class=\"elementor-widget-container\">\n\t\t\t\t\t\t\t\t\t\t\t\t\t\t\t<img loading=\"lazy\" decoding=\"async\" width=\"1920\" height=\"2560\" src=\"https:\/\/geoparquepillanmapu.com\/wp-content\/uploads\/2026\/01\/WhatsApp-Image-2026-01-13-at-11.36.29-AM-1-scaled.jpeg\" class=\"attachment-full size-full wp-image-4629\" alt=\"\" srcset=\"https:\/\/geoparquepillanmapu.com\/wp-content\/uploads\/2026\/01\/WhatsApp-Image-2026-01-13-at-11.36.29-AM-1-scaled.jpeg 1920w, https:\/\/geoparquepillanmapu.com\/wp-content\/uploads\/2026\/01\/WhatsApp-Image-2026-01-13-at-11.36.29-AM-1-225x300.jpeg 225w, https:\/\/geoparquepillanmapu.com\/wp-content\/uploads\/2026\/01\/WhatsApp-Image-2026-01-13-at-11.36.29-AM-1-768x1024.jpeg 768w, https:\/\/geoparquepillanmapu.com\/wp-content\/uploads\/2026\/01\/WhatsApp-Image-2026-01-13-at-11.36.29-AM-1-1152x1536.jpeg 1152w, https:\/\/geoparquepillanmapu.com\/wp-content\/uploads\/2026\/01\/WhatsApp-Image-2026-01-13-at-11.36.29-AM-1-1536x2048.jpeg 1536w, https:\/\/geoparquepillanmapu.com\/wp-content\/uploads\/2026\/01\/WhatsApp-Image-2026-01-13-at-11.36.29-AM-1-9x12.jpeg 9w, https:\/\/geoparquepillanmapu.com\/wp-content\/uploads\/2026\/01\/WhatsApp-Image-2026-01-13-at-11.36.29-AM-1-600x800.jpeg 600w\" sizes=\"(max-width: 1920px) 100vw, 1920px\" \/>\t\t\t\t\t\t\t\t\t\t\t\t\t\t\t<\/div>\n\t\t\t\t<\/div>\n\t\t\t\t\t<\/div>\n\t\t<\/div>\n\t\t\t\t\t<\/div>\n\t\t<\/section>\n\t\t\t\t<section class=\"elementor-section elementor-top-section elementor-element elementor-element-f12987c elementor-section-boxed elementor-section-height-default elementor-section-height-default\" data-id=\"f12987c\" data-element_type=\"section\" data-e-type=\"section\">\n\t\t\t\t\t\t<div class=\"elementor-container elementor-column-gap-default\">\n\t\t\t\t\t<div class=\"elementor-column elementor-col-100 elementor-top-column elementor-element elementor-element-20a0e46\" data-id=\"20a0e46\" data-element_type=\"column\" data-e-type=\"column\">\n\t\t\t<div class=\"elementor-widget-wrap elementor-element-populated\">\n\t\t\t\t\t\t<div class=\"elementor-element elementor-element-f9cb913 elementor-widget elementor-widget-image\" data-id=\"f9cb913\" data-element_type=\"widget\" data-e-type=\"widget\" data-widget_type=\"image.default\">\n\t\t\t\t<div class=\"elementor-widget-container\">\n\t\t\t\t\t\t\t\t\t\t\t\t\t\t\t<img loading=\"lazy\" decoding=\"async\" width=\"1280\" height=\"960\" src=\"https:\/\/geoparquepillanmapu.com\/wp-content\/uploads\/2026\/01\/WhatsApp-Image-2026-01-13-at-11.36.29-AM.jpeg\" class=\"attachment-full size-full wp-image-4630\" alt=\"\" srcset=\"https:\/\/geoparquepillanmapu.com\/wp-content\/uploads\/2026\/01\/WhatsApp-Image-2026-01-13-at-11.36.29-AM.jpeg 1280w, https:\/\/geoparquepillanmapu.com\/wp-content\/uploads\/2026\/01\/WhatsApp-Image-2026-01-13-at-11.36.29-AM-300x225.jpeg 300w, https:\/\/geoparquepillanmapu.com\/wp-content\/uploads\/2026\/01\/WhatsApp-Image-2026-01-13-at-11.36.29-AM-1024x768.jpeg 1024w, https:\/\/geoparquepillanmapu.com\/wp-content\/uploads\/2026\/01\/WhatsApp-Image-2026-01-13-at-11.36.29-AM-768x576.jpeg 768w, https:\/\/geoparquepillanmapu.com\/wp-content\/uploads\/2026\/01\/WhatsApp-Image-2026-01-13-at-11.36.29-AM-16x12.jpeg 16w, https:\/\/geoparquepillanmapu.com\/wp-content\/uploads\/2026\/01\/WhatsApp-Image-2026-01-13-at-11.36.29-AM-600x450.jpeg 600w\" sizes=\"(max-width: 1280px) 100vw, 1280px\" \/>\t\t\t\t\t\t\t\t\t\t\t\t\t\t\t<\/div>\n\t\t\t\t<\/div>\n\t\t\t\t<div class=\"elementor-element elementor-element-f56ba6c elementor-widget elementor-widget-text-editor\" data-id=\"f56ba6c\" data-element_type=\"widget\" data-e-type=\"widget\" data-widget_type=\"text-editor.default\">\n\t\t\t\t<div class=\"elementor-widget-container\">\n\t\t\t\t\t\t\t\t\t<p>Randoneando en la Laguna del Maule.<\/p>\t\t\t\t\t\t\t\t<\/div>\n\t\t\t\t<\/div>\n\t\t\t\t<div class=\"elementor-element elementor-element-516059b elementor-widget elementor-widget-spacer\" data-id=\"516059b\" data-element_type=\"widget\" data-e-type=\"widget\" data-widget_type=\"spacer.default\">\n\t\t\t\t<div class=\"elementor-widget-container\">\n\t\t\t\t\t\t\t<div class=\"elementor-spacer\">\n\t\t\t<div class=\"elementor-spacer-inner\"><\/div>\n\t\t<\/div>\n\t\t\t\t\t\t<\/div>\n\t\t\t\t<\/div>\n\t\t\t\t\t<\/div>\n\t\t<\/div>\n\t\t\t\t\t<\/div>\n\t\t<\/section>\n\t\t\t\t<section class=\"elementor-section elementor-top-section elementor-element elementor-element-cf21323 elementor-section-boxed elementor-section-height-default elementor-section-height-default\" data-id=\"cf21323\" data-element_type=\"section\" data-e-type=\"section\">\n\t\t\t\t\t\t<div class=\"elementor-container elementor-column-gap-default\">\n\t\t\t\t\t<div class=\"elementor-column elementor-col-100 elementor-top-column elementor-element elementor-element-b9eb481\" data-id=\"b9eb481\" data-element_type=\"column\" data-e-type=\"column\">\n\t\t\t<div class=\"elementor-widget-wrap elementor-element-populated\">\n\t\t\t\t\t\t<div class=\"elementor-element elementor-element-1b28d4d elementor-widget elementor-widget-heading\" data-id=\"1b28d4d\" data-element_type=\"widget\" data-e-type=\"widget\" data-widget_type=\"heading.default\">\n\t\t\t\t<div class=\"elementor-widget-container\">\n\t\t\t\t\t<h2 class=\"elementor-heading-title elementor-size-default\">El Oficio de Guiar: Emoci\u00f3n, Aprendizaje y V\u00ednculo con el Territorio<\/h2>\t\t\t\t<\/div>\n\t\t\t\t<\/div>\n\t\t\t\t<div class=\"elementor-element elementor-element-5b79e7f elementor-widget elementor-widget-text-editor\" data-id=\"5b79e7f\" data-element_type=\"widget\" data-e-type=\"widget\" data-widget_type=\"text-editor.default\">\n\t\t\t\t<div class=\"elementor-widget-container\">\n\t\t\t\t\t\t\t\t\t<p><strong>\u00bfQu\u00e9 es lo que m\u00e1s disfrutas de guiar en la cordillera?<\/strong><\/p><p>Disfruto cada lugar que recorro. Amo ver el asombro en la cara de los ni\u00f1os cuando vemos un c\u00f3ndor, una peque\u00f1a flor o una gran formaci\u00f3n geol\u00f3gica. Disfruto ver a los adultos volver a ser ni\u00f1os, jugando a explorar y disfrutando del recorrido. Me gusta mucho sentir que aporto al cuidado a trav\u00e9s de las salidas guiadas, que puedo inculcar el amor por lo que nos rodea y que as\u00ed la gente se volver\u00e1 m\u00e1s consciente de la importancia para la preservaci\u00f3n de los ecosistemas y el patrimonio. Amo compartir con la gente que habita estos lugares, los territorios y sus habitantes que tienen tantas historias y ense\u00f1anzas que compartir!!! Soy inmensamente feliz en la naturaleza, disfruto cada salida y cada momento vivido en ella.<\/p><p>\u00a0<\/p><p><strong>\u00bfCu\u00e1l ha sido tu experiencia m\u00e1s emocionante o significativa con un grupo?<\/strong><\/p><p>He tenido varias experiencias emocionantes con grupos y personas que me ha tocado guiar, pero creo que una de las m\u00e1s significativas fue guiar a una familia que perdi\u00f3 un hijo all\u00e1 arriba. Los acompa\u00f1\u00e9 al lugar e hicieron un hermoso ritual de despedida, muy emocionante, triste y lleno de esperanza a la vez. Fue muy conmovedor para m\u00ed y recib\u00ed con gran gratitud la confianza y el cari\u00f1o de hacerme parte de esa despedida tan \u00edntima y especial.<\/p><p>\u00a0<\/p><p><strong>\u00bfQu\u00e9 es lo que siempre tratas de transmitir a los visitantes?<\/strong><\/p><p>Trato de transmitir el amor, cuidado y gratitud que debemos tener con la naturaleza, los territorios y su gente. Eso de conocer para proteger es muy cierto y trato de ponerlo en pr\u00e1ctica en las salidas y en las publicaciones que hago en redes sociales; aprovechar esas instancias para tocar el coraz\u00f3n de la gente y que a trav\u00e9s de la emoci\u00f3n y conocimiento podamos proteger y cuidar m\u00e1s, transitar responsablemente en la naturaleza, aprender de ella y preservarla de la mejor forma para las nuevas generaciones.<\/p><p>\u00a0<\/p><p><strong>\u00bfQu\u00e9 crees que hace a un \u201cbuen gu\u00eda\u201d?<\/strong><\/p><p>Ser autentico, respetuoso, demostrar el amor por tu trabajo y entrega, ser educadores al aire libre y as\u00ed aportar en el cuidado de los lugares y de su gente. Ser amable y siempre dispuesto a ayudar. Brindar seguridad y actualizar los conocimientos de los lugares que visitamos. Incentivar a la gente a vivir la naturaleza, explorar y siempre tender una mano de ayuda y contenci\u00f3n en estos lugares remotos.<\/p>\t\t\t\t\t\t\t\t<\/div>\n\t\t\t\t<\/div>\n\t\t\t\t\t<\/div>\n\t\t<\/div>\n\t\t\t\t\t<\/div>\n\t\t<\/section>\n\t\t\t\t<section class=\"elementor-section elementor-top-section elementor-element elementor-element-b1c8f42 elementor-section-boxed elementor-section-height-default elementor-section-height-default\" data-id=\"b1c8f42\" data-element_type=\"section\" data-e-type=\"section\">\n\t\t\t\t\t\t<div class=\"elementor-container elementor-column-gap-default\">\n\t\t\t\t\t<div class=\"elementor-column elementor-col-100 elementor-top-column elementor-element elementor-element-aa55fd0\" data-id=\"aa55fd0\" data-element_type=\"column\" data-e-type=\"column\">\n\t\t\t<div class=\"elementor-widget-wrap elementor-element-populated\">\n\t\t\t\t\t\t<div class=\"elementor-element elementor-element-3fe8524 elementor-widget elementor-widget-image\" data-id=\"3fe8524\" data-element_type=\"widget\" data-e-type=\"widget\" data-widget_type=\"image.default\">\n\t\t\t\t<div class=\"elementor-widget-container\">\n\t\t\t\t\t\t\t\t\t\t\t\t\t\t\t<img loading=\"lazy\" decoding=\"async\" width=\"2048\" height=\"1365\" src=\"https:\/\/geoparquepillanmapu.com\/wp-content\/uploads\/2026\/01\/Valle-condores-liviana-299.jpg\" class=\"attachment-full size-full wp-image-4631\" alt=\"\" srcset=\"https:\/\/geoparquepillanmapu.com\/wp-content\/uploads\/2026\/01\/Valle-condores-liviana-299.jpg 2048w, https:\/\/geoparquepillanmapu.com\/wp-content\/uploads\/2026\/01\/Valle-condores-liviana-299-300x200.jpg 300w, https:\/\/geoparquepillanmapu.com\/wp-content\/uploads\/2026\/01\/Valle-condores-liviana-299-1024x683.jpg 1024w, https:\/\/geoparquepillanmapu.com\/wp-content\/uploads\/2026\/01\/Valle-condores-liviana-299-768x512.jpg 768w, https:\/\/geoparquepillanmapu.com\/wp-content\/uploads\/2026\/01\/Valle-condores-liviana-299-1536x1024.jpg 1536w, https:\/\/geoparquepillanmapu.com\/wp-content\/uploads\/2026\/01\/Valle-condores-liviana-299-18x12.jpg 18w, https:\/\/geoparquepillanmapu.com\/wp-content\/uploads\/2026\/01\/Valle-condores-liviana-299-600x400.jpg 600w\" sizes=\"(max-width: 2048px) 100vw, 2048px\" \/>\t\t\t\t\t\t\t\t\t\t\t\t\t\t\t<\/div>\n\t\t\t\t<\/div>\n\t\t\t\t<div class=\"elementor-element elementor-element-83e5302 elementor-widget elementor-widget-text-editor\" data-id=\"83e5302\" data-element_type=\"widget\" data-e-type=\"widget\" data-widget_type=\"text-editor.default\">\n\t\t\t\t<div class=\"elementor-widget-container\">\n\t\t\t\t\t\t\t\t\t<p>Campa\u00f1a de terreno de la Fundaci\u00f3n Geoparque Pillanmapu al Caj\u00f3n del Achibueno guiada por B\u00e1rbara y David Gangas. David Cossio.<\/p>\t\t\t\t\t\t\t\t<\/div>\n\t\t\t\t<\/div>\n\t\t\t\t<div class=\"elementor-element elementor-element-46fb49f elementor-widget elementor-widget-spacer\" data-id=\"46fb49f\" data-element_type=\"widget\" data-e-type=\"widget\" data-widget_type=\"spacer.default\">\n\t\t\t\t<div class=\"elementor-widget-container\">\n\t\t\t\t\t\t\t<div class=\"elementor-spacer\">\n\t\t\t<div class=\"elementor-spacer-inner\"><\/div>\n\t\t<\/div>\n\t\t\t\t\t\t<\/div>\n\t\t\t\t<\/div>\n\t\t\t\t\t<\/div>\n\t\t<\/div>\n\t\t\t\t\t<\/div>\n\t\t<\/section>\n\t\t\t\t<section class=\"elementor-section elementor-top-section elementor-element elementor-element-cc87cf1 elementor-section-boxed elementor-section-height-default elementor-section-height-default\" data-id=\"cc87cf1\" data-element_type=\"section\" data-e-type=\"section\">\n\t\t\t\t\t\t<div class=\"elementor-container elementor-column-gap-default\">\n\t\t\t\t\t<div class=\"elementor-column elementor-col-100 elementor-top-column elementor-element elementor-element-b5b6da6\" data-id=\"b5b6da6\" data-element_type=\"column\" data-e-type=\"column\">\n\t\t\t<div class=\"elementor-widget-wrap elementor-element-populated\">\n\t\t\t\t\t\t<div class=\"elementor-element elementor-element-647bfa3 elementor-widget elementor-widget-heading\" data-id=\"647bfa3\" data-element_type=\"widget\" data-e-type=\"widget\" data-widget_type=\"heading.default\">\n\t\t\t\t<div class=\"elementor-widget-container\">\n\t\t\t\t\t<h2 class=\"elementor-heading-title elementor-size-default\">Visi\u00f3n de Futuro<\/h2>\t\t\t\t<\/div>\n\t\t\t\t<\/div>\n\t\t\t\t<div class=\"elementor-element elementor-element-11ec598 elementor-widget elementor-widget-text-editor\" data-id=\"11ec598\" data-element_type=\"widget\" data-e-type=\"widget\" data-widget_type=\"text-editor.default\">\n\t\t\t\t<div class=\"elementor-widget-container\">\n\t\t\t\t\t\t\t\t\t<p><strong>Mirando hacia adelante, \u00bfqu\u00e9 sue\u00f1as para el futuro de la cordillera maulina y de quienes la habitan, la recorren y la aman como t\u00fa?<\/strong><\/p><p>Sue\u00f1o con que toda la cordillera maulina sea un gran Parque Nacional protegido por el Estado. Que no tengan cabida los proyectos que destruyen este tesoro que tenemos y que a\u00fan no hemos sabido valorar. Sue\u00f1o con recursos para llevar a cabo diversas investigaciones de todas la ciencias; arqueolog\u00eda, flora, fauna, funga, geolog\u00eda, etc, y as\u00ed poder recabar toda la valiosa informaci\u00f3n que este territorio esconde. Que se lograra instalar infraestructura educativa, con refugios en ciertos lugares que permitan recorrer este lugar incre\u00edble. Que los colegios tengan aulas a cielo abierto para que los peque\u00f1os desarrollen otras aptitudes y que se interesen en la protecci\u00f3n y cuidado de la naturaleza y as\u00ed poder preservar estos ecosistemas para las generaciones que vendr\u00e1n.<\/p>\t\t\t\t\t\t\t\t<\/div>\n\t\t\t\t<\/div>\n\t\t\t\t\t<\/div>\n\t\t<\/div>\n\t\t\t\t\t<\/div>\n\t\t<\/section>\n\t\t\t\t<section class=\"elementor-section elementor-top-section elementor-element elementor-element-f88ee65 elementor-section-boxed elementor-section-height-default elementor-section-height-default\" data-id=\"f88ee65\" data-element_type=\"section\" data-e-type=\"section\">\n\t\t\t\t\t\t<div class=\"elementor-container elementor-column-gap-default\">\n\t\t\t\t\t<div class=\"elementor-column elementor-col-100 elementor-top-column elementor-element elementor-element-4900b98\" data-id=\"4900b98\" data-element_type=\"column\" data-e-type=\"column\">\n\t\t\t<div class=\"elementor-widget-wrap elementor-element-populated\">\n\t\t\t\t\t\t<div class=\"elementor-element elementor-element-e21350a elementor-widget elementor-widget-image\" data-id=\"e21350a\" data-element_type=\"widget\" data-e-type=\"widget\" data-widget_type=\"image.default\">\n\t\t\t\t<div class=\"elementor-widget-container\">\n\t\t\t\t\t\t\t\t\t\t\t\t\t\t\t<img loading=\"lazy\" decoding=\"async\" width=\"1600\" height=\"1200\" src=\"https:\/\/geoparquepillanmapu.com\/wp-content\/uploads\/2026\/01\/WhatsApp-Image-2026-01-13-at-11.36.29-AM-3.jpeg\" class=\"attachment-full size-full wp-image-4635\" alt=\"\" srcset=\"https:\/\/geoparquepillanmapu.com\/wp-content\/uploads\/2026\/01\/WhatsApp-Image-2026-01-13-at-11.36.29-AM-3.jpeg 1600w, https:\/\/geoparquepillanmapu.com\/wp-content\/uploads\/2026\/01\/WhatsApp-Image-2026-01-13-at-11.36.29-AM-3-300x225.jpeg 300w, https:\/\/geoparquepillanmapu.com\/wp-content\/uploads\/2026\/01\/WhatsApp-Image-2026-01-13-at-11.36.29-AM-3-1024x768.jpeg 1024w, https:\/\/geoparquepillanmapu.com\/wp-content\/uploads\/2026\/01\/WhatsApp-Image-2026-01-13-at-11.36.29-AM-3-768x576.jpeg 768w, https:\/\/geoparquepillanmapu.com\/wp-content\/uploads\/2026\/01\/WhatsApp-Image-2026-01-13-at-11.36.29-AM-3-1536x1152.jpeg 1536w, https:\/\/geoparquepillanmapu.com\/wp-content\/uploads\/2026\/01\/WhatsApp-Image-2026-01-13-at-11.36.29-AM-3-16x12.jpeg 16w, https:\/\/geoparquepillanmapu.com\/wp-content\/uploads\/2026\/01\/WhatsApp-Image-2026-01-13-at-11.36.29-AM-3-600x450.jpeg 600w\" sizes=\"(max-width: 1600px) 100vw, 1600px\" \/>\t\t\t\t\t\t\t\t\t\t\t\t\t\t\t<\/div>\n\t\t\t\t<\/div>\n\t\t\t\t<div class=\"elementor-element elementor-element-d90930e elementor-widget elementor-widget-text-editor\" data-id=\"d90930e\" data-element_type=\"widget\" data-e-type=\"widget\" data-widget_type=\"text-editor.default\">\n\t\t\t\t<div class=\"elementor-widget-container\">\n\t\t\t\t\t\t\t\t\t<p>B\u00e1rbara bajando del Complejo Volc\u00e1nico Descabezado Grande.\u00a0<\/p>\t\t\t\t\t\t\t\t<\/div>\n\t\t\t\t<\/div>\n\t\t\t\t<div class=\"elementor-element elementor-element-2b197e2 elementor-widget elementor-widget-spacer\" data-id=\"2b197e2\" data-element_type=\"widget\" data-e-type=\"widget\" data-widget_type=\"spacer.default\">\n\t\t\t\t<div class=\"elementor-widget-container\">\n\t\t\t\t\t\t\t<div class=\"elementor-spacer\">\n\t\t\t<div class=\"elementor-spacer-inner\"><\/div>\n\t\t<\/div>\n\t\t\t\t\t\t<\/div>\n\t\t\t\t<\/div>\n\t\t\t\t\t<\/div>\n\t\t<\/div>\n\t\t\t\t\t<\/div>\n\t\t<\/section>\n\t\t\t\t<section class=\"elementor-section elementor-top-section elementor-element elementor-element-be022f8 elementor-section-full_width elementor-section-height-default elementor-section-height-default\" data-id=\"be022f8\" data-element_type=\"section\" data-e-type=\"section\">\n\t\t\t\t\t\t<div class=\"elementor-container elementor-column-gap-default\">\n\t\t\t\t\t<div class=\"elementor-column elementor-col-100 elementor-top-column elementor-element elementor-element-3e3302f\" data-id=\"3e3302f\" data-element_type=\"column\" data-e-type=\"column\">\n\t\t\t<div class=\"elementor-widget-wrap elementor-element-populated\">\n\t\t\t\t\t\t<div class=\"elementor-element elementor-element-a1e2f64 elementor-widget elementor-widget-spacer\" data-id=\"a1e2f64\" data-element_type=\"widget\" data-e-type=\"widget\" data-widget_type=\"spacer.default\">\n\t\t\t\t<div class=\"elementor-widget-container\">\n\t\t\t\t\t\t\t<div class=\"elementor-spacer\">\n\t\t\t<div class=\"elementor-spacer-inner\"><\/div>\n\t\t<\/div>\n\t\t\t\t\t\t<\/div>\n\t\t\t\t<\/div>\n\t\t\t\t<div class=\"elementor-element elementor-element-3de0eb4 elementor-widget-divider--view-line elementor-widget elementor-widget-divider\" data-id=\"3de0eb4\" data-element_type=\"widget\" data-e-type=\"widget\" data-widget_type=\"divider.default\">\n\t\t\t\t<div class=\"elementor-widget-container\">\n\t\t\t\t\t\t\t<div class=\"elementor-divider\">\n\t\t\t<span class=\"elementor-divider-separator\">\n\t\t\t\t\t\t<\/span>\n\t\t<\/div>\n\t\t\t\t\t\t<\/div>\n\t\t\t\t<\/div>\n\t\t\t\t<div class=\"elementor-element elementor-element-13e7071 elementor-widget elementor-widget-spacer\" data-id=\"13e7071\" data-element_type=\"widget\" data-e-type=\"widget\" data-widget_type=\"spacer.default\">\n\t\t\t\t<div class=\"elementor-widget-container\">\n\t\t\t\t\t\t\t<div class=\"elementor-spacer\">\n\t\t\t<div class=\"elementor-spacer-inner\"><\/div>\n\t\t<\/div>\n\t\t\t\t\t\t<\/div>\n\t\t\t\t<\/div>\n\t\t\t\t\t<\/div>\n\t\t<\/div>\n\t\t\t\t\t<\/div>\n\t\t<\/section>\n\t\t\t\t<section class=\"elementor-section elementor-top-section elementor-element elementor-element-5602d59 elementor-section-boxed elementor-section-height-default elementor-section-height-default\" data-id=\"5602d59\" data-element_type=\"section\" data-e-type=\"section\">\n\t\t\t\t\t\t<div class=\"elementor-container elementor-column-gap-default\">\n\t\t\t\t\t<div class=\"elementor-column elementor-col-100 elementor-top-column elementor-element elementor-element-a6280e8\" data-id=\"a6280e8\" data-element_type=\"column\" data-e-type=\"column\">\n\t\t\t<div class=\"elementor-widget-wrap elementor-element-populated\">\n\t\t\t\t\t\t\t<\/div>\n\t\t<\/div>\n\t\t\t\t\t<\/div>\n\t\t<\/section>\n\t\t\t\t<section class=\"elementor-section elementor-top-section elementor-element elementor-element-7c2dba3 elementor-section-full_width elementor-section-height-default elementor-section-height-default\" data-id=\"7c2dba3\" data-element_type=\"section\" data-e-type=\"section\">\n\t\t\t\t\t\t<div class=\"elementor-container elementor-column-gap-no\">\n\t\t\t\t\t<div class=\"elementor-column elementor-col-100 elementor-top-column elementor-element elementor-element-572f100\" data-id=\"572f100\" data-element_type=\"column\" data-e-type=\"column\">\n\t\t\t<div class=\"elementor-widget-wrap elementor-element-populated\">\n\t\t\t\t\t\t<div class=\"elementor-element elementor-element-8d1c194 elementor-widget elementor-widget-spacer\" data-id=\"8d1c194\" data-element_type=\"widget\" data-e-type=\"widget\" data-widget_type=\"spacer.default\">\n\t\t\t\t<div class=\"elementor-widget-container\">\n\t\t\t\t\t\t\t<div class=\"elementor-spacer\">\n\t\t\t<div class=\"elementor-spacer-inner\"><\/div>\n\t\t<\/div>\n\t\t\t\t\t\t<\/div>\n\t\t\t\t<\/div>\n\t\t\t\t<div class=\"elementor-element elementor-element-b7534cd elementor-widget-divider--view-line elementor-widget elementor-widget-divider\" data-id=\"b7534cd\" data-element_type=\"widget\" data-e-type=\"widget\" data-widget_type=\"divider.default\">\n\t\t\t\t<div class=\"elementor-widget-container\">\n\t\t\t\t\t\t\t<div class=\"elementor-divider\">\n\t\t\t<span class=\"elementor-divider-separator\">\n\t\t\t\t\t\t<\/span>\n\t\t<\/div>\n\t\t\t\t\t\t<\/div>\n\t\t\t\t<\/div>\n\t\t\t\t\t<\/div>\n\t\t<\/div>\n\t\t\t\t\t<\/div>\n\t\t<\/section>\n\t\t\t\t<\/div>\n\t\t","protected":false},"excerpt":{"rendered":"<p>B\u00e1rbara Meneses knows every valley and every corner of the Maule mountain range. For her, this territory has been school, home, and calling. From the native flora and volcanic landscapes to the cultural memory that resides in the hills, her work as a guide seeks to create experiences that connect people with the environment, promoting a\u2026<\/p>","protected":false},"author":1,"featured_media":4625,"comment_status":"open","ping_status":"open","sticky":false,"template":"","format":"standard","meta":{"give_campaign_id":0,"footnotes":""},"categories":[34],"tags":[35],"class_list":["post-4612","post","type-post","status-publish","format-standard","has-post-thumbnail","hentry","category-entrevista","tag-entrevista"],"aioseo_notices":[],"yoast_head":"<!-- This site is optimized with the Yoast SEO plugin v26.9 - https:\/\/yoast.com\/product\/yoast-seo-wordpress\/ -->\n<title>B\u00e1rbara Meneses - Conocer la Cordillera para Aprender a Cuidarla - Geoparque Pillanmapu<\/title>\n<meta name=\"robots\" content=\"index, follow, max-snippet:-1, max-image-preview:large, max-video-preview:-1\" \/>\n<link rel=\"canonical\" href=\"https:\/\/geoparquepillanmapu.com\/en\/barbara-meneses-conocer-la-cordillera-para-aprender-a-cuidarla\/\" \/>\n<meta property=\"og:locale\" content=\"en_US\" \/>\n<meta property=\"og:type\" content=\"article\" \/>\n<meta property=\"og:title\" content=\"B\u00e1rbara Meneses - Conocer la Cordillera para Aprender a Cuidarla - Geoparque Pillanmapu\" \/>\n<meta property=\"og:description\" content=\"B\u00e1rbara Meneses conoce cada valle y cada rinc\u00f3n de la cordillera maulina. Para ella, este territorio ha sido escuela, hogar y vocaci\u00f3n. Desde la flora nativa y los paisajes volc\u00e1nicos hasta la memoria cultural que habita en los cerros, su trabajo como gu\u00eda busca generar experiencias que conecten a las personas con el entorno, promoviendo un...\" \/>\n<meta property=\"og:url\" content=\"https:\/\/geoparquepillanmapu.com\/en\/barbara-meneses-conocer-la-cordillera-para-aprender-a-cuidarla\/\" \/>\n<meta property=\"og:site_name\" content=\"Geoparque Pillanmapu\" \/>\n<meta property=\"article:published_time\" content=\"2026-01-26T15:22:38+00:00\" \/>\n<meta property=\"article:modified_time\" content=\"2026-01-26T15:46:53+00:00\" \/>\n<meta property=\"og:image\" content=\"https:\/\/geoparquepillanmapu.com\/wp-content\/uploads\/2026\/01\/Barbara-Meneses.jpg\" \/>\n\t<meta property=\"og:image:width\" content=\"2048\" \/>\n\t<meta property=\"og:image:height\" content=\"1365\" \/>\n\t<meta property=\"og:image:type\" content=\"image\/jpeg\" \/>\n<meta name=\"author\" content=\"emil.stefani\" \/>\n<meta name=\"twitter:card\" content=\"summary_large_image\" \/>\n<meta name=\"twitter:label1\" content=\"Written by\" \/>\n\t<meta name=\"twitter:data1\" content=\"emil.stefani\" \/>\n\t<meta name=\"twitter:label2\" content=\"Est. reading time\" \/>\n\t<meta name=\"twitter:data2\" content=\"13 minutes\" \/>\n<script type=\"application\/ld+json\" class=\"yoast-schema-graph\">{\"@context\":\"https:\/\/schema.org\",\"@graph\":[{\"@type\":\"Article\",\"@id\":\"https:\/\/geoparquepillanmapu.com\/barbara-meneses-conocer-la-cordillera-para-aprender-a-cuidarla\/#article\",\"isPartOf\":{\"@id\":\"https:\/\/geoparquepillanmapu.com\/barbara-meneses-conocer-la-cordillera-para-aprender-a-cuidarla\/\"},\"author\":{\"name\":\"emil.stefani\",\"@id\":\"https:\/\/geoparquepillanmapu.com\/#\/schema\/person\/f8fd5d77069884d8da07be4df9764676\"},\"headline\":\"B\u00e1rbara Meneses &#8211; Conocer la Cordillera para Aprender a Cuidarla\",\"datePublished\":\"2026-01-26T15:22:38+00:00\",\"dateModified\":\"2026-01-26T15:46:53+00:00\",\"mainEntityOfPage\":{\"@id\":\"https:\/\/geoparquepillanmapu.com\/barbara-meneses-conocer-la-cordillera-para-aprender-a-cuidarla\/\"},\"wordCount\":2226,\"commentCount\":22,\"publisher\":{\"@id\":\"https:\/\/geoparquepillanmapu.com\/#organization\"},\"image\":{\"@id\":\"https:\/\/geoparquepillanmapu.com\/barbara-meneses-conocer-la-cordillera-para-aprender-a-cuidarla\/#primaryimage\"},\"thumbnailUrl\":\"https:\/\/geoparquepillanmapu.com\/wp-content\/uploads\/2026\/01\/Barbara-Meneses.jpg\",\"keywords\":[\"Entrevista\"],\"articleSection\":[\"Entrevista\"],\"inLanguage\":\"en-US\",\"potentialAction\":[{\"@type\":\"CommentAction\",\"name\":\"Comment\",\"target\":[\"https:\/\/geoparquepillanmapu.com\/barbara-meneses-conocer-la-cordillera-para-aprender-a-cuidarla\/#respond\"]}]},{\"@type\":\"WebPage\",\"@id\":\"https:\/\/geoparquepillanmapu.com\/barbara-meneses-conocer-la-cordillera-para-aprender-a-cuidarla\/\",\"url\":\"https:\/\/geoparquepillanmapu.com\/barbara-meneses-conocer-la-cordillera-para-aprender-a-cuidarla\/\",\"name\":\"B\u00e1rbara Meneses - Conocer la Cordillera para Aprender a Cuidarla - Geoparque Pillanmapu\",\"isPartOf\":{\"@id\":\"https:\/\/geoparquepillanmapu.com\/#website\"},\"primaryImageOfPage\":{\"@id\":\"https:\/\/geoparquepillanmapu.com\/barbara-meneses-conocer-la-cordillera-para-aprender-a-cuidarla\/#primaryimage\"},\"image\":{\"@id\":\"https:\/\/geoparquepillanmapu.com\/barbara-meneses-conocer-la-cordillera-para-aprender-a-cuidarla\/#primaryimage\"},\"thumbnailUrl\":\"https:\/\/geoparquepillanmapu.com\/wp-content\/uploads\/2026\/01\/Barbara-Meneses.jpg\",\"datePublished\":\"2026-01-26T15:22:38+00:00\",\"dateModified\":\"2026-01-26T15:46:53+00:00\",\"breadcrumb\":{\"@id\":\"https:\/\/geoparquepillanmapu.com\/barbara-meneses-conocer-la-cordillera-para-aprender-a-cuidarla\/#breadcrumb\"},\"inLanguage\":\"en-US\",\"potentialAction\":[{\"@type\":\"ReadAction\",\"target\":[\"https:\/\/geoparquepillanmapu.com\/barbara-meneses-conocer-la-cordillera-para-aprender-a-cuidarla\/\"]}]},{\"@type\":\"ImageObject\",\"inLanguage\":\"en-US\",\"@id\":\"https:\/\/geoparquepillanmapu.com\/barbara-meneses-conocer-la-cordillera-para-aprender-a-cuidarla\/#primaryimage\",\"url\":\"https:\/\/geoparquepillanmapu.com\/wp-content\/uploads\/2026\/01\/Barbara-Meneses.jpg\",\"contentUrl\":\"https:\/\/geoparquepillanmapu.com\/wp-content\/uploads\/2026\/01\/Barbara-Meneses.jpg\",\"width\":2048,\"height\":1365},{\"@type\":\"BreadcrumbList\",\"@id\":\"https:\/\/geoparquepillanmapu.com\/barbara-meneses-conocer-la-cordillera-para-aprender-a-cuidarla\/#breadcrumb\",\"itemListElement\":[{\"@type\":\"ListItem\",\"position\":1,\"name\":\"Portada\",\"item\":\"https:\/\/geoparquepillanmapu.com\/\"},{\"@type\":\"ListItem\",\"position\":2,\"name\":\"B\u00e1rbara Meneses &#8211; Conocer la Cordillera para Aprender a Cuidarla\"}]},{\"@type\":\"WebSite\",\"@id\":\"https:\/\/geoparquepillanmapu.com\/#website\",\"url\":\"https:\/\/geoparquepillanmapu.com\/\",\"name\":\"Geoparque Pillanmapu\",\"description\":\"Desarrollo sostenible para los Andes Maulinos\",\"publisher\":{\"@id\":\"https:\/\/geoparquepillanmapu.com\/#organization\"},\"potentialAction\":[{\"@type\":\"SearchAction\",\"target\":{\"@type\":\"EntryPoint\",\"urlTemplate\":\"https:\/\/geoparquepillanmapu.com\/?s={search_term_string}\"},\"query-input\":{\"@type\":\"PropertyValueSpecification\",\"valueRequired\":true,\"valueName\":\"search_term_string\"}}],\"inLanguage\":\"en-US\"},{\"@type\":\"Organization\",\"@id\":\"https:\/\/geoparquepillanmapu.com\/#organization\",\"name\":\"Geoparque Pillanmapu\",\"url\":\"https:\/\/geoparquepillanmapu.com\/\",\"logo\":{\"@type\":\"ImageObject\",\"inLanguage\":\"en-US\",\"@id\":\"https:\/\/geoparquepillanmapu.com\/#\/schema\/logo\/image\/\",\"url\":\"https:\/\/geoparquepillanmapu.com\/wp-content\/uploads\/2020\/04\/Logo-PillanMapu-ajustado-20.png\",\"contentUrl\":\"https:\/\/geoparquepillanmapu.com\/wp-content\/uploads\/2020\/04\/Logo-PillanMapu-ajustado-20.png\",\"width\":1460,\"height\":1650,\"caption\":\"Geoparque Pillanmapu\"},\"image\":{\"@id\":\"https:\/\/geoparquepillanmapu.com\/#\/schema\/logo\/image\/\"}},{\"@type\":\"Person\",\"@id\":\"https:\/\/geoparquepillanmapu.com\/#\/schema\/person\/f8fd5d77069884d8da07be4df9764676\",\"name\":\"emil.stefani\",\"image\":{\"@type\":\"ImageObject\",\"inLanguage\":\"en-US\",\"@id\":\"https:\/\/geoparquepillanmapu.com\/#\/schema\/person\/image\/\",\"url\":\"https:\/\/secure.gravatar.com\/avatar\/c8df4119c3d859632022cb25178d6f732ed3b86abee59fcb3a526acf62a03e27?s=96&d=mm&r=g\",\"contentUrl\":\"https:\/\/secure.gravatar.com\/avatar\/c8df4119c3d859632022cb25178d6f732ed3b86abee59fcb3a526acf62a03e27?s=96&d=mm&r=g\",\"caption\":\"emil.stefani\"},\"sameAs\":[\"https:\/\/geoparquepillanmapu.com\"],\"url\":\"https:\/\/geoparquepillanmapu.com\/en\/author\/emil-stefani\/\"}]}<\/script>\n<!-- \/ Yoast SEO plugin. -->","yoast_head_json":{"title":"B\u00e1rbara Meneses - Conocer la Cordillera para Aprender a Cuidarla - Geoparque Pillanmapu","robots":{"index":"index","follow":"follow","max-snippet":"max-snippet:-1","max-image-preview":"max-image-preview:large","max-video-preview":"max-video-preview:-1"},"canonical":"https:\/\/geoparquepillanmapu.com\/en\/barbara-meneses-conocer-la-cordillera-para-aprender-a-cuidarla\/","og_locale":"en_US","og_type":"article","og_title":"B\u00e1rbara Meneses - Conocer la Cordillera para Aprender a Cuidarla - Geoparque Pillanmapu","og_description":"B\u00e1rbara Meneses conoce cada valle y cada rinc\u00f3n de la cordillera maulina. Para ella, este territorio ha sido escuela, hogar y vocaci\u00f3n. Desde la flora nativa y los paisajes volc\u00e1nicos hasta la memoria cultural que habita en los cerros, su trabajo como gu\u00eda busca generar experiencias que conecten a las personas con el entorno, promoviendo un...","og_url":"https:\/\/geoparquepillanmapu.com\/en\/barbara-meneses-conocer-la-cordillera-para-aprender-a-cuidarla\/","og_site_name":"Geoparque Pillanmapu","article_published_time":"2026-01-26T15:22:38+00:00","article_modified_time":"2026-01-26T15:46:53+00:00","og_image":[{"width":2048,"height":1365,"url":"https:\/\/geoparquepillanmapu.com\/wp-content\/uploads\/2026\/01\/Barbara-Meneses.jpg","type":"image\/jpeg"}],"author":"emil.stefani","twitter_card":"summary_large_image","twitter_misc":{"Written by":"emil.stefani","Est. reading time":"13 minutes"},"schema":{"@context":"https:\/\/schema.org","@graph":[{"@type":"Article","@id":"https:\/\/geoparquepillanmapu.com\/barbara-meneses-conocer-la-cordillera-para-aprender-a-cuidarla\/#article","isPartOf":{"@id":"https:\/\/geoparquepillanmapu.com\/barbara-meneses-conocer-la-cordillera-para-aprender-a-cuidarla\/"},"author":{"name":"emil.stefani","@id":"https:\/\/geoparquepillanmapu.com\/#\/schema\/person\/f8fd5d77069884d8da07be4df9764676"},"headline":"B\u00e1rbara Meneses &#8211; Conocer la Cordillera para Aprender a Cuidarla","datePublished":"2026-01-26T15:22:38+00:00","dateModified":"2026-01-26T15:46:53+00:00","mainEntityOfPage":{"@id":"https:\/\/geoparquepillanmapu.com\/barbara-meneses-conocer-la-cordillera-para-aprender-a-cuidarla\/"},"wordCount":2226,"commentCount":22,"publisher":{"@id":"https:\/\/geoparquepillanmapu.com\/#organization"},"image":{"@id":"https:\/\/geoparquepillanmapu.com\/barbara-meneses-conocer-la-cordillera-para-aprender-a-cuidarla\/#primaryimage"},"thumbnailUrl":"https:\/\/geoparquepillanmapu.com\/wp-content\/uploads\/2026\/01\/Barbara-Meneses.jpg","keywords":["Entrevista"],"articleSection":["Entrevista"],"inLanguage":"en-US","potentialAction":[{"@type":"CommentAction","name":"Comment","target":["https:\/\/geoparquepillanmapu.com\/barbara-meneses-conocer-la-cordillera-para-aprender-a-cuidarla\/#respond"]}]},{"@type":"WebPage","@id":"https:\/\/geoparquepillanmapu.com\/barbara-meneses-conocer-la-cordillera-para-aprender-a-cuidarla\/","url":"https:\/\/geoparquepillanmapu.com\/barbara-meneses-conocer-la-cordillera-para-aprender-a-cuidarla\/","name":"B\u00e1rbara Meneses - Conocer la Cordillera para Aprender a Cuidarla - Geoparque Pillanmapu","isPartOf":{"@id":"https:\/\/geoparquepillanmapu.com\/#website"},"primaryImageOfPage":{"@id":"https:\/\/geoparquepillanmapu.com\/barbara-meneses-conocer-la-cordillera-para-aprender-a-cuidarla\/#primaryimage"},"image":{"@id":"https:\/\/geoparquepillanmapu.com\/barbara-meneses-conocer-la-cordillera-para-aprender-a-cuidarla\/#primaryimage"},"thumbnailUrl":"https:\/\/geoparquepillanmapu.com\/wp-content\/uploads\/2026\/01\/Barbara-Meneses.jpg","datePublished":"2026-01-26T15:22:38+00:00","dateModified":"2026-01-26T15:46:53+00:00","breadcrumb":{"@id":"https:\/\/geoparquepillanmapu.com\/barbara-meneses-conocer-la-cordillera-para-aprender-a-cuidarla\/#breadcrumb"},"inLanguage":"en-US","potentialAction":[{"@type":"ReadAction","target":["https:\/\/geoparquepillanmapu.com\/barbara-meneses-conocer-la-cordillera-para-aprender-a-cuidarla\/"]}]},{"@type":"ImageObject","inLanguage":"en-US","@id":"https:\/\/geoparquepillanmapu.com\/barbara-meneses-conocer-la-cordillera-para-aprender-a-cuidarla\/#primaryimage","url":"https:\/\/geoparquepillanmapu.com\/wp-content\/uploads\/2026\/01\/Barbara-Meneses.jpg","contentUrl":"https:\/\/geoparquepillanmapu.com\/wp-content\/uploads\/2026\/01\/Barbara-Meneses.jpg","width":2048,"height":1365},{"@type":"BreadcrumbList","@id":"https:\/\/geoparquepillanmapu.com\/barbara-meneses-conocer-la-cordillera-para-aprender-a-cuidarla\/#breadcrumb","itemListElement":[{"@type":"ListItem","position":1,"name":"Portada","item":"https:\/\/geoparquepillanmapu.com\/"},{"@type":"ListItem","position":2,"name":"B\u00e1rbara Meneses &#8211; Conocer la Cordillera para Aprender a Cuidarla"}]},{"@type":"WebSite","@id":"https:\/\/geoparquepillanmapu.com\/#website","url":"https:\/\/geoparquepillanmapu.com\/","name":"Pillanmapu Geopark","description":"Sustainable development for the Maule Andes","publisher":{"@id":"https:\/\/geoparquepillanmapu.com\/#organization"},"potentialAction":[{"@type":"SearchAction","target":{"@type":"EntryPoint","urlTemplate":"https:\/\/geoparquepillanmapu.com\/?s={search_term_string}"},"query-input":{"@type":"PropertyValueSpecification","valueRequired":true,"valueName":"search_term_string"}}],"inLanguage":"en-US"},{"@type":"Organization","@id":"https:\/\/geoparquepillanmapu.com\/#organization","name":"Pillanmapu Geopark","url":"https:\/\/geoparquepillanmapu.com\/","logo":{"@type":"ImageObject","inLanguage":"en-US","@id":"https:\/\/geoparquepillanmapu.com\/#\/schema\/logo\/image\/","url":"https:\/\/geoparquepillanmapu.com\/wp-content\/uploads\/2020\/04\/Logo-PillanMapu-ajustado-20.png","contentUrl":"https:\/\/geoparquepillanmapu.com\/wp-content\/uploads\/2020\/04\/Logo-PillanMapu-ajustado-20.png","width":1460,"height":1650,"caption":"Geoparque Pillanmapu"},"image":{"@id":"https:\/\/geoparquepillanmapu.com\/#\/schema\/logo\/image\/"}},{"@type":"Person","@id":"https:\/\/geoparquepillanmapu.com\/#\/schema\/person\/f8fd5d77069884d8da07be4df9764676","name":"emil.stefani","image":{"@type":"ImageObject","inLanguage":"en-US","@id":"https:\/\/geoparquepillanmapu.com\/#\/schema\/person\/image\/","url":"https:\/\/secure.gravatar.com\/avatar\/c8df4119c3d859632022cb25178d6f732ed3b86abee59fcb3a526acf62a03e27?s=96&d=mm&r=g","contentUrl":"https:\/\/secure.gravatar.com\/avatar\/c8df4119c3d859632022cb25178d6f732ed3b86abee59fcb3a526acf62a03e27?s=96&d=mm&r=g","caption":"emil.stefani"},"sameAs":["https:\/\/geoparquepillanmapu.com"],"url":"https:\/\/geoparquepillanmapu.com\/en\/author\/emil-stefani\/"}]}},"_links":{"self":[{"href":"https:\/\/geoparquepillanmapu.com\/en\/wp-json\/wp\/v2\/posts\/4612","targetHints":{"allow":["GET"]}}],"collection":[{"href":"https:\/\/geoparquepillanmapu.com\/en\/wp-json\/wp\/v2\/posts"}],"about":[{"href":"https:\/\/geoparquepillanmapu.com\/en\/wp-json\/wp\/v2\/types\/post"}],"author":[{"embeddable":true,"href":"https:\/\/geoparquepillanmapu.com\/en\/wp-json\/wp\/v2\/users\/1"}],"replies":[{"embeddable":true,"href":"https:\/\/geoparquepillanmapu.com\/en\/wp-json\/wp\/v2\/comments?post=4612"}],"version-history":[{"count":5,"href":"https:\/\/geoparquepillanmapu.com\/en\/wp-json\/wp\/v2\/posts\/4612\/revisions"}],"predecessor-version":[{"id":4674,"href":"https:\/\/geoparquepillanmapu.com\/en\/wp-json\/wp\/v2\/posts\/4612\/revisions\/4674"}],"wp:featuredmedia":[{"embeddable":true,"href":"https:\/\/geoparquepillanmapu.com\/en\/wp-json\/wp\/v2\/media\/4625"}],"wp:attachment":[{"href":"https:\/\/geoparquepillanmapu.com\/en\/wp-json\/wp\/v2\/media?parent=4612"}],"wp:term":[{"taxonomy":"category","embeddable":true,"href":"https:\/\/geoparquepillanmapu.com\/en\/wp-json\/wp\/v2\/categories?post=4612"},{"taxonomy":"post_tag","embeddable":true,"href":"https:\/\/geoparquepillanmapu.com\/en\/wp-json\/wp\/v2\/tags?post=4612"}],"curies":[{"name":"wp","href":"https:\/\/api.w.org\/{rel}","templated":true}]}}